{"id":40804,"date":"2025-03-19T17:45:42","date_gmt":"2025-03-19T17:45:42","guid":{"rendered":"https:\/\/247stiri.ro\/index.php\/2025\/03\/19\/marius-tuca-george-simion-a-facut-exact-ce-si-a-dorit-sistemul-calin-georgescu-sa-candideze-prin-george-simion\/"},"modified":"2025-03-19T17:45:42","modified_gmt":"2025-03-19T17:45:42","slug":"marius-tuca-george-simion-a-facut-exact-ce-si-a-dorit-sistemul-calin-georgescu-sa-candideze-prin-george-simion","status":"publish","type":"post","link":"https:\/\/247stiri.ro\/index.php\/2025\/03\/19\/marius-tuca-george-simion-a-facut-exact-ce-si-a-dorit-sistemul-calin-georgescu-sa-candideze-prin-george-simion\/","title":{"rendered":"Marius Tuc\u0103: \u201dGeorge Simion a f\u0103cut exact ce \u0219i-a dorit sistemul &#8211; C\u0103lin Georgescu s\u0103 candideze prin George Simion\u201d"},"content":{"rendered":"<p>\u201eSistemul nu vegheaz\u0103, sistemul lucreaz\u0103 in fiecare secunda. De asta a fost posibil sa ajungem unde am ajuns pentru 24 noiembrie anul trecut si pana ast\u0103zi. Practic George Simion a f\u0103cut exact ceea ce si-a dorit sistemul. Sistemul nu si-l dorea pe Calin Georgescu. Eu va readuc aminte ca domnul George Simion a candidat la alegerile preziden\u021biale unde a ie\u0219it pe un onorabil loc 4.<\/p>\n<p>Care ar fi noutatea acum daca ma \u00eentreba\u021bi pe mine, c\u00e2nd candida\u021bii de acum sunt mai buni dec\u00e2t cei de atunci, Ciuc\u0103, CIolacu. Acum au ap\u0103rut Victor Ponta, Crin Antonescu, Nicu\u0219or Dan. 3 candida\u021bi nou nou\u021bi. Cred ca mi\u0219carea suveranist\u0103 avea nevoie de o astfel de candidatur\u0103, dar mi\u0219carea pe care a f\u0103cut-o Simion este mi\u0219carea pe care si-o dorea sistemul, ca C\u0103lin Georgescu s\u0103 candideze prin George Simion. Asta au ei in minte. \u0218i o sa vedem dup\u0103 turul 1 cum stau lucrurile.<\/p>\n<p>Eu cred ca nu trebuia nicio secunda, noi societatea civila, cet\u0103\u021benii, poporul roman sa fim de acord vreodat\u0103 cu toate loviturile de stat date, ultima cea mai cr\u00e2ncen\u0103 sau cea mai pu\u021bin justificata si trebuia sa cerem ce am cerut \u00eentotdeauna turul 2 \u00eenapoi. Paradoxal este ca aceasta candidatura a lui Simion nu \u00eenseamn\u0103 ca noi nu mai credem si nu mai cerem turul 2. credem in continuare.<\/p>\n<p>S\u0103pt\u0103m\u00e2na viitoare va avea loc un protest \u00eempotriva tuturor loviturilor de stat, care are loc chiar de ziua lui C\u0103lin Georgescu, e un protest care se separa de candidaturile suverani\u0219tilor, inclusiv suverani\u0219tii vor participa la acest protest.\u201d, a declarat jurnalistul Marius Tuc\u0103 la Realitatea PLUS.<\/p>","protected":false},"excerpt":{"rendered":"<p>\u201eSistemul nu vegheaz\u0103, sistemul lucreaz\u0103 in fiecare secunda. De asta a fost posibil sa ajungem&hellip;<\/p>\n","protected":false},"author":0,"featured_media":40798,"comment_status":"open","ping_status":"open","sticky":false,"template":"","format":"standard","meta":{"footnotes":""},"categories":[2],"tags":[],"class_list":["post-40804","post","type-post","status-publish","format-standard","has-post-thumbnail","hentry","category-actual"],"_links":{"self":[{"href":"https:\/\/247stiri.ro\/index.php\/wp-json\/wp\/v2\/posts\/40804","targetHints":{"allow":["GET"]}}],"collection":[{"href":"https:\/\/247stiri.ro\/index.php\/wp-json\/wp\/v2\/posts"}],"about":[{"href":"https:\/\/247stiri.ro\/index.php\/wp-json\/wp\/v2\/types\/post"}],"replies":[{"embeddable":true,"href":"https:\/\/247stiri.ro\/index.php\/wp-json\/wp\/v2\/comments?post=40804"}],"version-history":[{"count":0,"href":"https:\/\/247stiri.ro\/index.php\/wp-json\/wp\/v2\/posts\/40804\/revisions"}],"wp:featuredmedia":[{"embeddable":true,"href":"https:\/\/247stiri.ro\/index.php\/wp-json\/wp\/v2\/media\/40798"}],"wp:attachment":[{"href":"https:\/\/247stiri.ro\/index.php\/wp-json\/wp\/v2\/media?parent=40804"}],"wp:term":[{"taxonomy":"category","embeddable":true,"href":"https:\/\/247stiri.ro\/index.php\/wp-json\/wp\/v2\/categories?post=40804"},{"taxonomy":"post_tag","embeddable":true,"href":"https:\/\/247stiri.ro\/index.php\/wp-json\/wp\/v2\/tags?post=40804"}],"curies":[{"name":"wp","href":"https:\/\/api.w.org\/{rel}","templated":true}]}}