{"id":40805,"date":"2025-03-19T17:45:42","date_gmt":"2025-03-19T17:45:42","guid":{"rendered":"https:\/\/247stiri.ro\/index.php\/2025\/03\/19\/incident-grav-in-sibiu-doi-adulti-si-un-copil-s-au-intoxicat-cu-monoxid-de-carbon-in-propria-locuinta\/"},"modified":"2025-03-19T17:45:42","modified_gmt":"2025-03-19T17:45:42","slug":"incident-grav-in-sibiu-doi-adulti-si-un-copil-s-au-intoxicat-cu-monoxid-de-carbon-in-propria-locuinta","status":"publish","type":"post","link":"https:\/\/247stiri.ro\/index.php\/2025\/03\/19\/incident-grav-in-sibiu-doi-adulti-si-un-copil-s-au-intoxicat-cu-monoxid-de-carbon-in-propria-locuinta\/","title":{"rendered":"Incident grav \u00een Sibiu. Doi adul\u021bi \u0219i un copil s-au intoxicat cu monoxid de carbon \u00een propria locuin\u021b\u0103"},"content":{"rendered":"<p>Andreea \u0218tefan, purt\u0103torul de cuv\u00e2nt a Inspectoratului pentru Situa\u021bii de Urgen\u021b\u0103 (ISU) Sibiu, a anun\u021bat c\u0103 la fa\u021ba locului au intervenit pompierii cu o autospecial\u0103 de stingere.\u00a0<\/p>\n<p>\u201dPompierii sibieni intervin de urgen\u021b\u0103 pe strada Scurta din municipiul Sibiu pentru a acorda asisten\u021b\u0103 medical\u0103 pentru trei persoane care din primele informa\u021bii sunt intoxicate cu <a href=\"https:\/\/www.realitatea.net\/stiri\/actual\/descoperire-socanta-in-galati-barbat-de-49-de-ani-gasit-mort-in-casa-pe-care-o-construia_67b362196976c02f6c669de2\" target=\"_blank\">monoxid de carbon<\/a>. Este vorba de doi adul\u021bi \u0219i un copil.<\/p>\n<p>La fa\u021ba locului intervin o autospecial\u0103 de stingere, un echipaj SMURD cu medic \u0219i o ambulan\u021b\u0103 SAJ. \u00cen urma m\u0103sur\u0103torilor efectuate la fa\u021ba locului, s-au constatat cantit\u0103\u021bi \u00eensemnate de monoxid de carbon. Interven\u021bia este \u00een desf\u0103\u0219urare\u201d, a transmis purt\u0103torul de cuv\u00e2nt al ISU Sibiu.<\/p>\n<p>\u00cen urma acestui incident, o fat\u0103 \u00een v\u00e2rst\u0103 de 13 ani \u0219i un b\u0103rbat de 22 de ani, ambii con\u0219tien\u021bi, au fost transporta\u021bi la spital.\u00a0\u201dEchipajele medicale au evaluat trei persoane: o minor\u0103 \u00een v\u00e2rst\u0103 de 13 ani, intoxicat\u0103 cu monoxid de carbon, este transportat\u0103 la CPU Luther; un b\u0103rbat de 22 de ani, intoxicat cu monoxid de carbon, transportat la UPU Sibiu. O femeie de 46 de ani, care a refuzat transportul la spital\u201d, a mai spus Andreea \u0218tefan.<\/p>\n<p>\u00cen momentul redact\u0103rii acestei \u0219tiri, salvatorii ac\u021bioneaz\u0103 pentru ventilarea \u00eenc\u0103perilor din locuin\u021b\u0103 \u0219i se continu\u0103 m\u0103sur\u0103torile, fiind aplicate \u0219i m\u0103surile pentru prevenirea incendiilor.\u00a0<\/p>","protected":false},"excerpt":{"rendered":"<p>Andreea \u0218tefan, purt\u0103torul de cuv\u00e2nt a Inspectoratului pentru Situa\u021bii de Urgen\u021b\u0103 (ISU) Sibiu, a anun\u021bat&hellip;<\/p>\n","protected":false},"author":0,"featured_media":40806,"comment_status":"open","ping_status":"open","sticky":false,"template":"","format":"standard","meta":{"footnotes":""},"categories":[2],"tags":[],"class_list":["post-40805","post","type-post","status-publish","format-standard","has-post-thumbnail","hentry","category-actual"],"_links":{"self":[{"href":"https:\/\/247stiri.ro\/index.php\/wp-json\/wp\/v2\/posts\/40805","targetHints":{"allow":["GET"]}}],"collection":[{"href":"https:\/\/247stiri.ro\/index.php\/wp-json\/wp\/v2\/posts"}],"about":[{"href":"https:\/\/247stiri.ro\/index.php\/wp-json\/wp\/v2\/types\/post"}],"replies":[{"embeddable":true,"href":"https:\/\/247stiri.ro\/index.php\/wp-json\/wp\/v2\/comments?post=40805"}],"version-history":[{"count":0,"href":"https:\/\/247stiri.ro\/index.php\/wp-json\/wp\/v2\/posts\/40805\/revisions"}],"wp:featuredmedia":[{"embeddable":true,"href":"https:\/\/247stiri.ro\/index.php\/wp-json\/wp\/v2\/media\/40806"}],"wp:attachment":[{"href":"https:\/\/247stiri.ro\/index.php\/wp-json\/wp\/v2\/media?parent=40805"}],"wp:term":[{"taxonomy":"category","embeddable":true,"href":"https:\/\/247stiri.ro\/index.php\/wp-json\/wp\/v2\/categories?post=40805"},{"taxonomy":"post_tag","embeddable":true,"href":"https:\/\/247stiri.ro\/index.php\/wp-json\/wp\/v2\/tags?post=40805"}],"curies":[{"name":"wp","href":"https:\/\/api.w.org\/{rel}","templated":true}]}}