{"id":4081,"date":"2024-11-03T11:50:50","date_gmt":"2024-11-03T11:50:50","guid":{"rendered":"https:\/\/247stiri.ro\/index.php\/2024\/11\/03\/marcel-ciolacu-intalnire-cu-reprezentantii-comunitatii-romanesti-din-franta-dar-si-cu-omologul-sau-cand-va-avea-loc-vizita-premierului-si-cu-ce-scop\/"},"modified":"2024-11-03T11:50:50","modified_gmt":"2024-11-03T11:50:50","slug":"marcel-ciolacu-intalnire-cu-reprezentantii-comunitatii-romanesti-din-franta-dar-si-cu-omologul-sau-cand-va-avea-loc-vizita-premierului-si-cu-ce-scop","status":"publish","type":"post","link":"https:\/\/247stiri.ro\/index.php\/2024\/11\/03\/marcel-ciolacu-intalnire-cu-reprezentantii-comunitatii-romanesti-din-franta-dar-si-cu-omologul-sau-cand-va-avea-loc-vizita-premierului-si-cu-ce-scop\/","title":{"rendered":"Marcel Ciolacu, \u00eent\u00e2lnire cu reprezentan\u021bii comunit\u0103\u021bii rom\u00e2ne\u0219ti din Fran\u021ba, dar \u0219i cu omologul s\u0103u. C\u00e2nd va avea loc vizita premierului \u0219i cu ce scop"},"content":{"rendered":"<p>Marcel Ciolacu, vizit\u0103 \u00een Fran\u021ba<\/p>\n<p>Premierul Marcel Ciolacu va efectua o vizit\u0103 de lucru \u00een Republica Francez\u0103, urm\u00e2nd ca luni s\u0103 aib\u0103 o \u00eentrevedere cu omologul s\u0103u, Michel Barnier, precum \u015fi o \u00eent\u00e2lnire cu reprezentan\u0163i ai comunit\u0103\u0163ii rom\u00e2ne\u015fti.Conform programului anun\u0163at duminic\u0103 de Guvern, Marcel Ciolacu va vizita luni Salonul Euronaval, aflat la cea de-a 29-a edi\u0163ie organizat\u0103 de SOGENA (Naval Events Organisation and Management Company).De asemenea, premierul va avea, la Centrul Ortodox de Studii \u015fi Cercetare Dumitru St\u0103niloae, o \u00eent\u00e2lnire cu reprezenta\u0163i ai comunit\u0103\u0163ii rom\u00e2ne\u015fti din Fran\u0163a. Va sus\u0163ine declara\u0163ii de pres\u0103.\u00cen a doua parte a zilei, Marcel Ciolacu va avea o \u00eentrevedere cu prim-ministrul Republicii Franceze, Michel Barnier, \u015fi va participa la dineul oficial oferit de acesta.Din delega\u0163ia Guvernului Rom\u00e2niei mai fac parte vicepremierul Marian Neac\u015fu, ministrul Afacerilor Externe, Lumini\u0163a Odobescu, ministrul Ap\u0103r\u0103rii Na\u0163ionale, Angel T\u00eelv\u0103r, ministrul Muncii \u015fi Solidarit\u0103\u0163ii Sociale, Simona Bucura-Oprescu, vicepre\u015fedinte al Parlamentului European, consilier onorific al prim-ministrului, Victor Negrescu, CEO Hidroelectrica, Borbely Karoly.<\/p>\n<p><a href=\"https:\/\/www.realitatea.net\/stiri\/actual\/marcel-ciolacu-mesaj-catre-toti-cetatenii-republicii-moldova-ce-le-transmite-premierul-romaniei_672752c9dda5625f3221cd50\">Marcel Ciolacu, mesaj c\u0103tre to\u021bi cet\u0103\u021benii Republicii Moldova. Ce le transmite premierul Rom\u00e2niei<\/a><\/p>","protected":false},"excerpt":{"rendered":"<p>Marcel Ciolacu, vizit\u0103 \u00een Fran\u021ba Premierul Marcel Ciolacu va efectua o vizit\u0103 de lucru \u00een&hellip;<\/p>\n","protected":false},"author":0,"featured_media":4076,"comment_status":"open","ping_status":"open","sticky":false,"template":"","format":"standard","meta":{"footnotes":""},"categories":[2],"tags":[],"class_list":["post-4081","post","type-post","status-publish","format-standard","has-post-thumbnail","hentry","category-actual"],"_links":{"self":[{"href":"https:\/\/247stiri.ro\/index.php\/wp-json\/wp\/v2\/posts\/4081","targetHints":{"allow":["GET"]}}],"collection":[{"href":"https:\/\/247stiri.ro\/index.php\/wp-json\/wp\/v2\/posts"}],"about":[{"href":"https:\/\/247stiri.ro\/index.php\/wp-json\/wp\/v2\/types\/post"}],"replies":[{"embeddable":true,"href":"https:\/\/247stiri.ro\/index.php\/wp-json\/wp\/v2\/comments?post=4081"}],"version-history":[{"count":0,"href":"https:\/\/247stiri.ro\/index.php\/wp-json\/wp\/v2\/posts\/4081\/revisions"}],"wp:featuredmedia":[{"embeddable":true,"href":"https:\/\/247stiri.ro\/index.php\/wp-json\/wp\/v2\/media\/4076"}],"wp:attachment":[{"href":"https:\/\/247stiri.ro\/index.php\/wp-json\/wp\/v2\/media?parent=4081"}],"wp:term":[{"taxonomy":"category","embeddable":true,"href":"https:\/\/247stiri.ro\/index.php\/wp-json\/wp\/v2\/categories?post=4081"},{"taxonomy":"post_tag","embeddable":true,"href":"https:\/\/247stiri.ro\/index.php\/wp-json\/wp\/v2\/tags?post=4081"}],"curies":[{"name":"wp","href":"https:\/\/api.w.org\/{rel}","templated":true}]}}