{"id":40817,"date":"2025-03-19T18:44:56","date_gmt":"2025-03-19T18:44:56","guid":{"rendered":"https:\/\/247stiri.ro\/index.php\/2025\/03\/19\/doliu-in-boxul-romanesc-a-murit-un-fost-campion-olimpic\/"},"modified":"2025-03-19T18:44:56","modified_gmt":"2025-03-19T18:44:56","slug":"doliu-in-boxul-romanesc-a-murit-un-fost-campion-olimpic","status":"publish","type":"post","link":"https:\/\/247stiri.ro\/index.php\/2025\/03\/19\/doliu-in-boxul-romanesc-a-murit-un-fost-campion-olimpic\/","title":{"rendered":"Doliu \u00een boxul rom\u00e2nesc. A murit un fost campion olimpic"},"content":{"rendered":"<p>N\u0103scut \u00een 10 octombrie 1948 la Sm\u00e2rdanul Nou (jude\u0163ul Tulcea), Cu\u0163ov a fost g\u0103sit decedat \u00een apartamentul s\u0103u din apropierea Clubului Sportiv Dinamo, unde locuia singur. Cei care au alertat autorit\u0103\u0163ile au fost vecinii s\u0103i.<\/p>\n<p>Calistrat Cu\u0163ov a fost unul dintre boxerii de legend\u0103 ai clubului Dinamo \u015fi ai Rom\u00e2niei. \u015ei-a \u00eenceput cariera la Clubul PAL Br\u0103ila, cu antrenorul Gheorghe Bobinaru, \u00eens\u0103 consacrarea a venit odat\u0103 cu trecerea la Dinamo, \u00een 1966.<\/p>\n<p>Palmaresul s\u0103u cuprinde un bronz la Jocurile Olimpice din 1968 \u015fi trei medalii la Campionatele Europene: aur \u00een 1969, argint \u00een 1971 \u015fi bronz \u00een 1977. Dup\u0103 cariera de sportiv, Calistrat Cu\u0163ov a continuat \u00een cadrul sec\u0163iei de box a CS Dinamo ca antrenor.<\/p>\n<p>\u201cCalistrat Cu\u0163ov \u015fi Simion Cu\u0163ov au fost doi dintre cei mai de succes fra\u0163i din istoria boxului rom\u00e2nesc. \u00cempreun\u0103 au f\u0103cut istorie \u00een nobila art\u0103 \u015fi au l\u0103sat \u00een urma lor meciuri memorabile. Sunt de notorietate disputele dintre Calistrat Cu\u0163ov \u015fi Paul Dobrescu&#8230; Simion s-a stins \u00een 1993, la numai 41 de ani, acum a trecut \u015fi Calistrat la cele ve\u015fnice\u201d, adaug\u0103 CS Dinamo.<\/p>\n<p>\u00a0<\/p>","protected":false},"excerpt":{"rendered":"<p>N\u0103scut \u00een 10 octombrie 1948 la Sm\u00e2rdanul Nou (jude\u0163ul Tulcea), Cu\u0163ov a fost g\u0103sit decedat&hellip;<\/p>\n","protected":false},"author":0,"featured_media":40813,"comment_status":"open","ping_status":"open","sticky":false,"template":"","format":"standard","meta":{"footnotes":""},"categories":[2],"tags":[],"class_list":["post-40817","post","type-post","status-publish","format-standard","has-post-thumbnail","hentry","category-actual"],"_links":{"self":[{"href":"https:\/\/247stiri.ro\/index.php\/wp-json\/wp\/v2\/posts\/40817","targetHints":{"allow":["GET"]}}],"collection":[{"href":"https:\/\/247stiri.ro\/index.php\/wp-json\/wp\/v2\/posts"}],"about":[{"href":"https:\/\/247stiri.ro\/index.php\/wp-json\/wp\/v2\/types\/post"}],"replies":[{"embeddable":true,"href":"https:\/\/247stiri.ro\/index.php\/wp-json\/wp\/v2\/comments?post=40817"}],"version-history":[{"count":0,"href":"https:\/\/247stiri.ro\/index.php\/wp-json\/wp\/v2\/posts\/40817\/revisions"}],"wp:featuredmedia":[{"embeddable":true,"href":"https:\/\/247stiri.ro\/index.php\/wp-json\/wp\/v2\/media\/40813"}],"wp:attachment":[{"href":"https:\/\/247stiri.ro\/index.php\/wp-json\/wp\/v2\/media?parent=40817"}],"wp:term":[{"taxonomy":"category","embeddable":true,"href":"https:\/\/247stiri.ro\/index.php\/wp-json\/wp\/v2\/categories?post=40817"},{"taxonomy":"post_tag","embeddable":true,"href":"https:\/\/247stiri.ro\/index.php\/wp-json\/wp\/v2\/tags?post=40817"}],"curies":[{"name":"wp","href":"https:\/\/api.w.org\/{rel}","templated":true}]}}