{"id":40823,"date":"2025-03-19T19:44:50","date_gmt":"2025-03-19T19:44:50","guid":{"rendered":"https:\/\/247stiri.ro\/index.php\/2025\/03\/19\/daniel-david-lanseaza-un-proiect-pilot-de-utilizare-a-inteligentei-artificiale-in-scoli-inteligenta-artificiala-este-un-instrument-al-cadrului-didactic-si-al-elevului-nu-o-alternativa-la-ca\/"},"modified":"2025-03-19T19:44:50","modified_gmt":"2025-03-19T19:44:50","slug":"daniel-david-lanseaza-un-proiect-pilot-de-utilizare-a-inteligentei-artificiale-in-scoli-inteligenta-artificiala-este-un-instrument-al-cadrului-didactic-si-al-elevului-nu-o-alternativa-la-ca","status":"publish","type":"post","link":"https:\/\/247stiri.ro\/index.php\/2025\/03\/19\/daniel-david-lanseaza-un-proiect-pilot-de-utilizare-a-inteligentei-artificiale-in-scoli-inteligenta-artificiala-este-un-instrument-al-cadrului-didactic-si-al-elevului-nu-o-alternativa-la-ca\/","title":{"rendered":"Daniel David lanseaz\u0103 un proiect-pilot de utilizare a inteligen\u0163ei artificiale \u00een \u015fcoli: \u201dInteligen\u0163a artificial\u0103 este un instrument al cadrului didactic \u015fi al elevului, nu o alternativ\u0103 la cadrul didactic\u201d"},"content":{"rendered":"<p>Ministrul Educa\u0163iei \u015fi Cercet\u0103rii, Daniel David, a decis, dup\u0103\u00a0o \u00eent\u00e2lnire cu conducerea Microsoft Rom\u00e2nia, s\u0103 implementeze un proiect-pilot de utilizare a inteligen\u0163ei artificiale \u00een unit\u0103\u0163i educa\u0163ionale, pentru a optimiza activitatea cadrelor didactice, procesul de \u00eenv\u0103\u0163are al elevilor\/studen\u0163ilor \u015fi procesul educa\u0163ional, \u00een general, se arat\u0103 \u00eentr-un comunicat de pres\u0103 transmis, miercuri, de minister.<\/p>\n<p>Ministerul va stabili unitatea-pilot ini\u0163ial\u0103, iar Microsoft Rom\u00e2nia, \u00eempreun\u0103 cu conducerea unit\u0103\u0163ii, \u00ee\u015fi vor asuma implementarea proiectului.<\/p>\n<p>\u201dInteligen\u0163a Artificial\u0103 este o dezvoltare tehnologic\u0103 care, \u00een sine, nu este bun\u0103 sau rea, dar care poate deveni astfel, \u00een func\u0163ie de cum o utiliz\u0103m. Pentru a o putea utiliza bine, \u00een avantajul sistemului educa\u0163ional, vom pilota un astfel de demers, iar apoi, \u00een func\u0163ie de rezultate, vom extinde procesul\u201d, a declarat Daniel David.<\/p>\n<p>El a subliniat c\u0103 inteligen\u0163a artificial\u0103 nu este o alternativ\u0103 la cadrul didactic.<\/p>\n<p>\u201dNoi avem deja angajat un proces masiv de digitalizare \u00een unit\u0103\u0163ile educa\u0163ionale din \u0163ar\u0103, iar planurile-cadru includ discipline obligatorii (asociate tehnologiei informa\u0163iei) \u015fi op\u0163ionale (inclusiv de inteligen\u0163\u0103 artificial\u0103) asociate revolu\u0163iei tehnologice prin care trecem, aspecte care creeaz\u0103 premisele pentru utilizarea mai complex\u0103 a inteligen\u0163ei artificiale \u00een mediul educa\u0163ional. Aten\u0163ie \u00eens\u0103, \u00een viziunea mea, inteligen\u0163a artificial\u0103 este un instrument al cadrului didactic \u015fi al elevului\/studentului, nu o alternativ\u0103 la cadrul didactic sau un instrument care \u00ableneve\u015fte\u00bb elevul\/studentul, \u015fi, foarte important de \u00een\u0163eles, este un instrument care trebuie s\u0103 fie mereu monitorizat etic-moral. Diverse \u0163\u0103ri au demarat deja astfel de proiecte, probabil cel mai recent exemplu fiind Estonia, care \u00eel dore\u015fte chiar deja generalizat la nivelul \u00eentregului sistem de \u00eenv\u0103\u0163\u0103m\u00e2nt, a\u015fa c\u0103 nu vreau ca Rom\u00e2nia \u015fi sistemul nostru educa\u0163ional s\u0103 r\u0103m\u00e2n\u0103 \u00een urm\u0103\u201d, a explicat ministrul Educa\u0163iei.<\/p>","protected":false},"excerpt":{"rendered":"<p>Ministrul Educa\u0163iei \u015fi Cercet\u0103rii, Daniel David, a decis, dup\u0103\u00a0o \u00eent\u00e2lnire cu conducerea Microsoft Rom\u00e2nia, s\u0103&hellip;<\/p>\n","protected":false},"author":0,"featured_media":40824,"comment_status":"open","ping_status":"open","sticky":false,"template":"","format":"standard","meta":{"footnotes":""},"categories":[2],"tags":[],"class_list":["post-40823","post","type-post","status-publish","format-standard","has-post-thumbnail","hentry","category-actual"],"_links":{"self":[{"href":"https:\/\/247stiri.ro\/index.php\/wp-json\/wp\/v2\/posts\/40823","targetHints":{"allow":["GET"]}}],"collection":[{"href":"https:\/\/247stiri.ro\/index.php\/wp-json\/wp\/v2\/posts"}],"about":[{"href":"https:\/\/247stiri.ro\/index.php\/wp-json\/wp\/v2\/types\/post"}],"replies":[{"embeddable":true,"href":"https:\/\/247stiri.ro\/index.php\/wp-json\/wp\/v2\/comments?post=40823"}],"version-history":[{"count":0,"href":"https:\/\/247stiri.ro\/index.php\/wp-json\/wp\/v2\/posts\/40823\/revisions"}],"wp:featuredmedia":[{"embeddable":true,"href":"https:\/\/247stiri.ro\/index.php\/wp-json\/wp\/v2\/media\/40824"}],"wp:attachment":[{"href":"https:\/\/247stiri.ro\/index.php\/wp-json\/wp\/v2\/media?parent=40823"}],"wp:term":[{"taxonomy":"category","embeddable":true,"href":"https:\/\/247stiri.ro\/index.php\/wp-json\/wp\/v2\/categories?post=40823"},{"taxonomy":"post_tag","embeddable":true,"href":"https:\/\/247stiri.ro\/index.php\/wp-json\/wp\/v2\/tags?post=40823"}],"curies":[{"name":"wp","href":"https:\/\/api.w.org\/{rel}","templated":true}]}}