{"id":40825,"date":"2025-03-19T19:44:51","date_gmt":"2025-03-19T19:44:51","guid":{"rendered":"https:\/\/247stiri.ro\/index.php\/2025\/03\/19\/george-simion-anuntul-noptii-la-realitatea-plus-ce-se-intampla-pe-26-martie\/"},"modified":"2025-03-19T19:44:51","modified_gmt":"2025-03-19T19:44:51","slug":"george-simion-anuntul-noptii-la-realitatea-plus-ce-se-intampla-pe-26-martie","status":"publish","type":"post","link":"https:\/\/247stiri.ro\/index.php\/2025\/03\/19\/george-simion-anuntul-noptii-la-realitatea-plus-ce-se-intampla-pe-26-martie\/","title":{"rendered":"George Simion, anun\u021bul nop\u021bii la Realitatea PLUS. CE se \u00eent\u00e2mpl\u0103 pe 26 martie"},"content":{"rendered":"<p>UPDATE Sunt bucuros c\u0103 tr\u0103d\u0103torii \u0219i-au ar\u0103tat fa\u021ba. Oameni precum Cristian Terhe\u0219 vor tot mai ap\u0103rea. Noi, prin iubire, vom ridica din chinuri na\u021biunea rom\u00e2n\u0103. Ne putem ap\u0103ra cu demnitate interesele \u00een Europa \u0219i \u00een lume. Noi suntem pentru rela\u021bii normale europene \u0219i euroatlantice. Suntem singurii care au auzit vocea poporului. M\u0103 a\u0219tept la o prezen\u021b\u0103 record la alegerile din 4 mai. Ne vedem cu to\u021bii, de\u0219i vin peste 50 de lideri Europei \u0219i americani la Cluj, s\u0103 \u00eel sus\u021binem pe C\u0103lin Georgescu \u00een Pia\u021ba Victoriei. Erau mai multe variante, dar vom face un protest la AEP, \u00een special \u00eempotriva domnului Vaida, s\u0103 fie numit un pre\u0219edinte care s\u0103 asigure un proces de vot f\u0103r\u0103 interferen\u021be. Pe 4 vin observatori multi, dar pe 18 mai vor \u00eencerca fraudarea alegerilor. Tragem un semnal de alarm\u0103 \u00eenc\u0103 de pe 26 martie, iar de la 17:30 ne str\u00e2ngem \u00een Pia\u021ba Vcitoriei.Suntem al\u0103turi de C\u0103lin Georgescu p\u00e2n\u0103 la cap\u0103t\u00a0<\/p>\n<p>UPDATE Liderul acestei mi\u0219c\u0103ri suveraniste, C\u0103lin Georgescu, a f\u0103cut eforturi s\u0103 \u00eendemne oamenii s\u0103 ias\u0103 \u00een strad\u0103. Ne-am lovit de probleme. E ziua lui pe 26 martie, e momentul s\u0103 ne re\u00eentoarcem la normalitate, sunt aici la Bruxelles cu colegi din POT, cu Gheorghe Piperea cu Georgiana Teodorescu. POT trebuie s\u0103 apar\u021bin\u0103 familiei europene de suverani\u0219ti. Mai departe planul merge \u00een continuare, de\u0219i sistemul a deconspirat mul\u021bi dintre oamenii lor prezen\u021bi printre noi.\u00a0<\/p>\n<p>Unul din motivele principale pentru care nu am putut fi exclus a\u0219a cum au vrut unii \u0219i al\u021bii din cursa pentru alegerile preziden\u021biale este pentru faptul c\u0103 reprezint \u0219i un partid european European Conservatives and Reformists, condus de doamna Giorgia Meloni. Facem o \u0219edin\u021b\u0103 a conducerii \u00eenainte de Cosniliul European de m\u00e2ine.\u00a0<\/p>\n<p>Noi avem trei premieri, premierul Cehiei, premierul Italiei \u0219i premierul Belgiei care particip\u0103 la acest consiliu \u0219i avem o \u0219edin\u021b\u0103 pentru a ne planifica pozi\u021bia \u00een consiliu.\u00a0<\/p>\n<p>Am fost \u00eentr-adev\u0103r \u00een acela\u0219i avion cu domnul Bolojan. Dumnealui era undeva la business class, probabil c\u0103 s-a terminat campania eletoral\u0103. E un pas \u00een fa\u021b\u0103, m\u0103car \u00een urm\u0103toarele dou\u0103 luni nu o s\u0103 mai d\u0103m cel pu\u021bin un milion de euro pe fiecare deplasare extern\u0103 a unui pre\u0219edinte care nu face nimic.\u00a0<\/p>\n<p>Ne-am intersectat \u00een aeroport \u0219i l-am salutat acolo. \u00cen avion nu ne-a intersectat. Ne-am urat: Succes. Fiecare cu drumul lui, cu ideologiile lui. Am v\u0103zut c\u0103 dumnealui este foarte apropiat de zona francez\u0103 \u0219i de pre\u0219edintele Macron, leg\u0103tur\u0103 f\u0103cut\u0103 de pre\u0219edintele R. Molodva, Maia Sandu. E op\u021biunea lui ideologic\u0103, eu reprezint un curent conservator, patriotic, suveranist.\u00a0<\/p>\n<p>\u00cen Rom\u00e2nia, to\u021bi suverani\u0219tii trebuie s\u0103 se uneasc\u0103! Transmit un mesaj de solidaritate, cu familia Realitatea PLUS, sunte\u021bi singurii care a\u021bi r\u0103mas al\u0103turi de poporul rom\u00e2n. Dumneavoastr\u0103, domana Anca Alexandrescu a\u021bi fost atacat\u0103 cum a fost atacat\u0103 \u0219i Anamaria Gavril\u0103, pentru c\u0103 a\u021bi \u021binut cu rom\u00e2nii \u0219i nu v-a\u021bi dezis \u00een ciuda telefoanelor \u0219i mesajelor pe care le-a\u021bi primit. Le-am primit \u0219i eu. \u0218tim cu to\u021bii ce presiuni sunt pe noi, \u0219i pe Realitatea, \u0219i pe AUR, \u0219i pe POT.\u00a0<\/p>\n<p>C\u00e2inii latr\u0103 caravana trece. Nu au cu ce s\u0103 m\u0103 \u0219antajeze.\u00a0<\/p>","protected":false},"excerpt":{"rendered":"<p>UPDATE Sunt bucuros c\u0103 tr\u0103d\u0103torii \u0219i-au ar\u0103tat fa\u021ba. Oameni precum Cristian Terhe\u0219 vor tot mai&hellip;<\/p>\n","protected":false},"author":0,"featured_media":40826,"comment_status":"open","ping_status":"open","sticky":false,"template":"","format":"standard","meta":{"footnotes":""},"categories":[2],"tags":[],"class_list":["post-40825","post","type-post","status-publish","format-standard","has-post-thumbnail","hentry","category-actual"],"_links":{"self":[{"href":"https:\/\/247stiri.ro\/index.php\/wp-json\/wp\/v2\/posts\/40825","targetHints":{"allow":["GET"]}}],"collection":[{"href":"https:\/\/247stiri.ro\/index.php\/wp-json\/wp\/v2\/posts"}],"about":[{"href":"https:\/\/247stiri.ro\/index.php\/wp-json\/wp\/v2\/types\/post"}],"replies":[{"embeddable":true,"href":"https:\/\/247stiri.ro\/index.php\/wp-json\/wp\/v2\/comments?post=40825"}],"version-history":[{"count":0,"href":"https:\/\/247stiri.ro\/index.php\/wp-json\/wp\/v2\/posts\/40825\/revisions"}],"wp:featuredmedia":[{"embeddable":true,"href":"https:\/\/247stiri.ro\/index.php\/wp-json\/wp\/v2\/media\/40826"}],"wp:attachment":[{"href":"https:\/\/247stiri.ro\/index.php\/wp-json\/wp\/v2\/media?parent=40825"}],"wp:term":[{"taxonomy":"category","embeddable":true,"href":"https:\/\/247stiri.ro\/index.php\/wp-json\/wp\/v2\/categories?post=40825"},{"taxonomy":"post_tag","embeddable":true,"href":"https:\/\/247stiri.ro\/index.php\/wp-json\/wp\/v2\/tags?post=40825"}],"curies":[{"name":"wp","href":"https:\/\/api.w.org\/{rel}","templated":true}]}}