{"id":4083,"date":"2024-11-03T11:50:50","date_gmt":"2024-11-03T11:50:50","guid":{"rendered":"https:\/\/247stiri.ro\/index.php\/2024\/11\/03\/un-nou-episod-dramatic-din-spania-un-roman-a-fost-salvat-de-la-moarte-dupa-ce-a-stat-4-ore-in-masina-inundata\/"},"modified":"2024-11-03T11:50:50","modified_gmt":"2024-11-03T11:50:50","slug":"un-nou-episod-dramatic-din-spania-un-roman-a-fost-salvat-de-la-moarte-dupa-ce-a-stat-4-ore-in-masina-inundata","status":"publish","type":"post","link":"https:\/\/247stiri.ro\/index.php\/2024\/11\/03\/un-nou-episod-dramatic-din-spania-un-roman-a-fost-salvat-de-la-moarte-dupa-ce-a-stat-4-ore-in-masina-inundata\/","title":{"rendered":"Un NOU episod dramatic din Spania! Un rom\u00e2n a fost salvat de la moarte dup\u0103 ce a stat 4 ore \u00een ma\u0219ina inundat\u0103"},"content":{"rendered":"<p>Locuitorii din Spania se confrunt\u0103 cu inunda\u021bii severe care au dus la un bilan\u021b tragic de peste 200 de decese, iar autorit\u0103\u021bile continu\u0103 s\u0103 avertizeze c\u0103 pericolul nu a disp\u0103rut.<\/p>\n\n<p>\u00a0 \u00a0 \u00a0B\u0103rbatul a fost salvat \u00een ultima clip\u0103 de c\u0103tre un vecin \/ Sursa foto &#8211; Presa str\u0103in\u0103<\/p>\n<p>Inunda\u021bii apocaliptice \u00een Spania<\/p>\n<p>\u00cen ultimele zile, Valencia a fost scena unor<a href=\"https:\/\/www.realitatea.net\/stiri\/actual\/inundatii-spania-mae-a-facut-anuntul-cati-romani-au-fost-ssalvati-din-cei-14-dati-disparuti_67270f1372ec865ec406e1b9\" target=\"_blank\" rel=\"noopener\"> inunda\u021bii catastrofale,<\/a> afect\u00e2nd grav comunit\u0103\u021bile locale. Rom\u00e2nul salvat a povestit despre experien\u021ba sa \u00eenfrico\u0219\u0103toare, explic\u00e2nd cum apa i-a ajuns rapid p\u00e2n\u0103 la br\u00e2u. Dup\u0103 patru ore de \u00eencerc\u0103ri disperate, vecinul s\u0103u a reu\u0219it \u00een sf\u00e2r\u0219it s\u0103-l ajute. &#8222;Un vecin de-ai mei a aruncat o funie \u0219i m-a tras la etajul \u00eent\u00e2i. Am stat patru ore \u00een ap\u0103, el a luptat patru ore ca s\u0103 m\u0103 poat\u0103 scoate. La ora 14:00, c\u00e2nd apa era p\u00e2n\u0103 la br\u00e2u, am reu\u0219it s\u0103 ies de acolo&#8221;, a declarat acesta pentru post TV de \u0219tiri.<\/p>\n<p>Din p\u0103cate, nu to\u021bi au avut aceea\u0219i soart\u0103. O familie de rom\u00e2ni, Gabi, Dana \u0219i fiica lor Alex, au fost printre victimele inunda\u021biilor.\u00a0<\/p>\n<p>Ace\u0219tia locuiau \u00eentr-un bloc cu opt apartamente \u0219i aveau o via\u021b\u0103 lini\u0219tit\u0103 \u00een Valencia, unde se stabiliser\u0103 de aproximativ 20 de ani. Prietenii lor, \u00eengrijora\u021bi c\u0103 nu au mai putut lua leg\u0103tura cu ei, au alertat autorit\u0103\u021bile, dar din p\u0103cate, nimeni nu a mai putut interveni pentru a le salva via\u021ba.\u00a0<\/p>\n<p><a href=\"https:\/\/www.realitatea.net\/stiri\/extern\/mae-7-romani-gasiti-in-siguranta-dupa-inundatiile-din-spania-alti-9-cetateni-inca-dati-disparuti_67266e6a85c1061ed4681173\" target=\"_blank\" rel=\"noopener\">Inunda\u021biile au provocat distrugeri<\/a> considerabile, iar pe str\u0103zile din Valencia a fost haos, cu ap\u0103 intr\u00e2nd \u00een case \u0219i garaje, l\u0103s\u00e2nd comunitatea \u00eentr-o stare de \u0219oc.<\/p>","protected":false},"excerpt":{"rendered":"<p>Locuitorii din Spania se confrunt\u0103 cu inunda\u021bii severe care au dus la un bilan\u021b tragic&hellip;<\/p>\n","protected":false},"author":0,"featured_media":4084,"comment_status":"open","ping_status":"open","sticky":false,"template":"","format":"standard","meta":{"footnotes":""},"categories":[2],"tags":[],"class_list":["post-4083","post","type-post","status-publish","format-standard","has-post-thumbnail","hentry","category-actual"],"_links":{"self":[{"href":"https:\/\/247stiri.ro\/index.php\/wp-json\/wp\/v2\/posts\/4083","targetHints":{"allow":["GET"]}}],"collection":[{"href":"https:\/\/247stiri.ro\/index.php\/wp-json\/wp\/v2\/posts"}],"about":[{"href":"https:\/\/247stiri.ro\/index.php\/wp-json\/wp\/v2\/types\/post"}],"replies":[{"embeddable":true,"href":"https:\/\/247stiri.ro\/index.php\/wp-json\/wp\/v2\/comments?post=4083"}],"version-history":[{"count":0,"href":"https:\/\/247stiri.ro\/index.php\/wp-json\/wp\/v2\/posts\/4083\/revisions"}],"wp:featuredmedia":[{"embeddable":true,"href":"https:\/\/247stiri.ro\/index.php\/wp-json\/wp\/v2\/media\/4084"}],"wp:attachment":[{"href":"https:\/\/247stiri.ro\/index.php\/wp-json\/wp\/v2\/media?parent=4083"}],"wp:term":[{"taxonomy":"category","embeddable":true,"href":"https:\/\/247stiri.ro\/index.php\/wp-json\/wp\/v2\/categories?post=4083"},{"taxonomy":"post_tag","embeddable":true,"href":"https:\/\/247stiri.ro\/index.php\/wp-json\/wp\/v2\/tags?post=4083"}],"curies":[{"name":"wp","href":"https:\/\/api.w.org\/{rel}","templated":true}]}}