{"id":40837,"date":"2025-03-19T20:46:08","date_gmt":"2025-03-19T20:46:08","guid":{"rendered":"https:\/\/247stiri.ro\/index.php\/2025\/03\/19\/papa-francisc-ramane-in-continuare-internat-in-spital-anuntul-de-ultima-ora-al-vaticanului\/"},"modified":"2025-03-19T20:46:08","modified_gmt":"2025-03-19T20:46:08","slug":"papa-francisc-ramane-in-continuare-internat-in-spital-anuntul-de-ultima-ora-al-vaticanului","status":"publish","type":"post","link":"https:\/\/247stiri.ro\/index.php\/2025\/03\/19\/papa-francisc-ramane-in-continuare-internat-in-spital-anuntul-de-ultima-ora-al-vaticanului\/","title":{"rendered":"Papa Francisc r\u0103m\u00e2ne \u00een continuare internat \u00een spital. Anun\u021bul de ultim\u0103 or\u0103 al Vaticanului"},"content":{"rendered":"<p>Reprezentan\u021bii Sf\u00e2ntului Scaun au anun\u021bat miercuri sear\u0103 c\u0103 starea de s\u0103n\u0103tate a <a href=\"https:\/\/www.realitatea.net\/stiri\/actual\/noi-informatii-de-la-vatican-privind-starea-de-sanatate-a-papei-francisc-a-petrecut-o-noapte-linistita-si-se-odihneste_67cebf5499529d66bc5e5872\" target=\"_blank\">Papei Francisc<\/a> s-a \u00eembun\u0103t\u0103\u021bit \u0219i nu mai are nevoie de ventila\u021bie mecanic\u0103, \u00eens\u0103 deocamndat\u0103 va r\u0103m\u00e2ne \u00een spitalul Gemelli din Roma, unde se afl\u0103 internat de aproape cinci s\u0103pt\u0103m\u00e2ni.<\/p>\n<p>\u201eCondi\u021biile clinice ale Sanctit\u0103\u021bii Sale sunt confirmate ca fiind \u00een \u00eembun\u0103t\u0103\u021bire\u201d, se arat\u0103 \u00een cea \u00a0mai recent\u0103 actualizare medical\u0103 detaliat\u0103 referitoare la starea de s\u0103n\u0103tate a \u0219efului Bisericii Catolice.\u00a0<\/p>\n<p>Potrivit unui comunicat al Vaticanului, Sf\u00e2ntul P\u0103rinte a beneficiat de ventila\u021bie mecanic\u0103 non-invaziv\u0103 pe timpul nop\u021bii \u00een timpul spitaliz\u0103rii sale, ceea ce presupune utilizarea unei m\u0103\u0219ti pe fa\u021b\u0103 pentru a facilita oxigenarea pl\u0103m\u00e2nilor. Aceast\u0103 form\u0103 de ventila\u021bie a fost &#8222;suspendat\u0103\u201d.\u00a0<\/p>\n<p>Cu toate acestea, sursa citat\u0103 subliniaz\u0103 c\u0103 Papa continu\u0103 s\u0103 primeasc\u0103 oxigen printr-un tub mic plasat sub nas.Imediat dup\u0103 dup\u0103 publicarea ultimei declara\u021bii, biroul de pres\u0103 al Vaticanului a transmis c\u0103 medicii care \u00eel \u00eengrijesc pe Suveranul Pontif consider\u0103 c\u0103 infec\u021bia este sub control.<\/p>\n<p>Totodat\u0103, se men\u021bioneaz\u0103 c\u0103 Suveranul Pontif nu prezint\u0103 febr\u0103 \u0219i analizele de s\u00e2nge sunt \u00een limite normale.<\/p>\n<p>Papa a fost descris ca av\u00e2nd o stare stabil\u0103 sau \u00een proces de \u00eembun\u0103t\u0103\u021bire timp de dou\u0103 s\u0103pt\u0103m\u00e2ni, \u00eens\u0103 Vaticanul nu a oferit \u00eenc\u0103 un termen pentru externarea sa, subliniind c\u0103 recuperarea decurge lent.<\/p>\n<p>Av\u00e2nd \u00een vedere c\u0103 a suferit de pleurezie \u00een tinere\u021be \u0219i a avut o parte din pl\u0103m\u00e2n \u00eendep\u0103rtat\u0103, Sf\u00e2ntul P\u0103rinte este predispus la infec\u021bii pulmonare.<\/p>\n<p>\u00cen prezent, el beneficiaz\u0103 de terapie respiratorie pentru a-i \u00eembun\u0103t\u0103\u021bi respira\u021bia, precum \u0219i de fizioterapie pentru a-i sus\u021bine mobilitatea.\u00a0<\/p>\n<p>Conform speciali\u0219tilor, Papa va avea un parcurs lung \u0219i dificil \u00een procesul de recuperare, av\u00e2nd \u00een vedere v\u00e2rsta sa \u0219i alte probleme de s\u0103n\u0103tate.<\/p>","protected":false},"excerpt":{"rendered":"<p>Reprezentan\u021bii Sf\u00e2ntului Scaun au anun\u021bat miercuri sear\u0103 c\u0103 starea de s\u0103n\u0103tate a Papei Francisc s-a&hellip;<\/p>\n","protected":false},"author":0,"featured_media":40833,"comment_status":"open","ping_status":"open","sticky":false,"template":"","format":"standard","meta":{"footnotes":""},"categories":[2],"tags":[],"class_list":["post-40837","post","type-post","status-publish","format-standard","has-post-thumbnail","hentry","category-actual"],"_links":{"self":[{"href":"https:\/\/247stiri.ro\/index.php\/wp-json\/wp\/v2\/posts\/40837","targetHints":{"allow":["GET"]}}],"collection":[{"href":"https:\/\/247stiri.ro\/index.php\/wp-json\/wp\/v2\/posts"}],"about":[{"href":"https:\/\/247stiri.ro\/index.php\/wp-json\/wp\/v2\/types\/post"}],"replies":[{"embeddable":true,"href":"https:\/\/247stiri.ro\/index.php\/wp-json\/wp\/v2\/comments?post=40837"}],"version-history":[{"count":0,"href":"https:\/\/247stiri.ro\/index.php\/wp-json\/wp\/v2\/posts\/40837\/revisions"}],"wp:featuredmedia":[{"embeddable":true,"href":"https:\/\/247stiri.ro\/index.php\/wp-json\/wp\/v2\/media\/40833"}],"wp:attachment":[{"href":"https:\/\/247stiri.ro\/index.php\/wp-json\/wp\/v2\/media?parent=40837"}],"wp:term":[{"taxonomy":"category","embeddable":true,"href":"https:\/\/247stiri.ro\/index.php\/wp-json\/wp\/v2\/categories?post=40837"},{"taxonomy":"post_tag","embeddable":true,"href":"https:\/\/247stiri.ro\/index.php\/wp-json\/wp\/v2\/tags?post=40837"}],"curies":[{"name":"wp","href":"https:\/\/api.w.org\/{rel}","templated":true}]}}