{"id":40848,"date":"2025-03-19T21:45:27","date_gmt":"2025-03-19T21:45:27","guid":{"rendered":"https:\/\/247stiri.ro\/index.php\/2025\/03\/19\/george-simion-am-zburat-cu-bolojan-in-acelasi-avion-s-a-terminat-campania-a-zburat-la-clasa-business\/"},"modified":"2025-03-19T21:45:27","modified_gmt":"2025-03-19T21:45:27","slug":"george-simion-am-zburat-cu-bolojan-in-acelasi-avion-s-a-terminat-campania-a-zburat-la-clasa-business","status":"publish","type":"post","link":"https:\/\/247stiri.ro\/index.php\/2025\/03\/19\/george-simion-am-zburat-cu-bolojan-in-acelasi-avion-s-a-terminat-campania-a-zburat-la-clasa-business\/","title":{"rendered":"George Simion: \u201eAm zburat cu Bolojan \u00een acela\u0219i avion. S-a terminat campania, a zburat la clasa business\u201d"},"content":{"rendered":"<p>Liderul AUR poveste\u0219te c\u0103 a c\u0103l\u0103torit \u00een acela\u0219i avion cu pre\u0219edintele interimar al Rom\u00e2niei, Ilie Bolojan.\u00a0<\/p>\n<p>\u201dIlie Bolojan\u00a0 era undeva la clasa business, probabil s-a terminat campania\u2026\u201d, a spus George Simion la Realitatea.<\/p>\n<p>\u201eSunt la Bruxelles, unul din motivele principale pentru care nu am putut fi exclus a\u0219a cum au vrut unii \u0219i al\u021bii din cursa pentru aceste alegeri preziden\u021biale este c\u0103 reprezint \u0219i un partid european \u0219i facem o \u0219edin\u021b\u0103 a conducerii \u00eenainte de Consiliul European de m\u00e2ine. Avem trei premieri, premierul Cehiei, premierul Belgiei \u0219i premierul Italiei, care particip\u0103 la Consiliu\u201d, a mai spus Simion.<\/p>\n<p>\u201dL-am salutat \u00een aeroport, ne-am intersectat \u00een aeroport \u0219i l-am salutat acolo, \u00een avion nu ne-am intersectat. (V-a spus ceva?) Succes \u2013 succes. Dumnealui e foarte apropiat de zona francez\u0103 \u0219i pre\u0219edintele Macron. E op\u021biunea lui ideologic\u0103, eu reprezint curentul conservator, suveranist\u201d, a mai spus Simion.<\/p>\n<p>Pre\u0219edintele interimar Ilie Bolojan va participa, joi \u0219i vineri, la reuniunea Consiliului European \u0219i la Summitul Euro \u00een format extins, care vor avea loc la Bruxelles, a informat Administra\u021bia Preziden\u021bial\u0103.<\/p>\n<p>Potrivit sursei citate, \u00een marja Consiliului European, va fi organizat\u0103, joi, o \u00eent\u00e2lnire de lucru cu secretarul general al Organiza\u021biei Na\u021biunilor Unite, Antonio Guterres, \u00een cadrul c\u0103reia se va face un schimb de opinii privind provoc\u0103rile globale actuale, din perspectiva multilateralismului, problematicii oceanelor \u0219i situa\u021biei din Orientul Mijlociu.<\/p>\n<p>Joi diminea\u021b\u0103, pre\u0219edintele interimar Ilie Bolojan va participa \u0219i la Summitul PPE, \u00een cadrul c\u0103ruia se va discuta agenda reuniunii Consiliului European.<\/p>\n<p>Pre\u0219edintele interimar Ilie Bolojan s-a consultat mar\u021bi cu premierul Marcel Ciolacu pe tema agendei Consiliului European de la Bruxelles.<\/p>","protected":false},"excerpt":{"rendered":"<p>Liderul AUR poveste\u0219te c\u0103 a c\u0103l\u0103torit \u00een acela\u0219i avion cu pre\u0219edintele interimar al Rom\u00e2niei, Ilie&hellip;<\/p>\n","protected":false},"author":0,"featured_media":40847,"comment_status":"open","ping_status":"open","sticky":false,"template":"","format":"standard","meta":{"footnotes":""},"categories":[2],"tags":[],"class_list":["post-40848","post","type-post","status-publish","format-standard","has-post-thumbnail","hentry","category-actual"],"_links":{"self":[{"href":"https:\/\/247stiri.ro\/index.php\/wp-json\/wp\/v2\/posts\/40848","targetHints":{"allow":["GET"]}}],"collection":[{"href":"https:\/\/247stiri.ro\/index.php\/wp-json\/wp\/v2\/posts"}],"about":[{"href":"https:\/\/247stiri.ro\/index.php\/wp-json\/wp\/v2\/types\/post"}],"replies":[{"embeddable":true,"href":"https:\/\/247stiri.ro\/index.php\/wp-json\/wp\/v2\/comments?post=40848"}],"version-history":[{"count":0,"href":"https:\/\/247stiri.ro\/index.php\/wp-json\/wp\/v2\/posts\/40848\/revisions"}],"wp:featuredmedia":[{"embeddable":true,"href":"https:\/\/247stiri.ro\/index.php\/wp-json\/wp\/v2\/media\/40847"}],"wp:attachment":[{"href":"https:\/\/247stiri.ro\/index.php\/wp-json\/wp\/v2\/media?parent=40848"}],"wp:term":[{"taxonomy":"category","embeddable":true,"href":"https:\/\/247stiri.ro\/index.php\/wp-json\/wp\/v2\/categories?post=40848"},{"taxonomy":"post_tag","embeddable":true,"href":"https:\/\/247stiri.ro\/index.php\/wp-json\/wp\/v2\/tags?post=40848"}],"curies":[{"name":"wp","href":"https:\/\/api.w.org\/{rel}","templated":true}]}}