{"id":40864,"date":"2025-03-20T05:45:10","date_gmt":"2025-03-20T05:45:10","guid":{"rendered":"https:\/\/247stiri.ro\/index.php\/2025\/03\/20\/cine-sunt-cei-11-candidati-care-intra-in-lupta-pentru-palatul-cotroceni-7-reprezentanti-ai-unor-partide-si-aliante-si-4-independenti\/"},"modified":"2025-03-20T05:45:10","modified_gmt":"2025-03-20T05:45:10","slug":"cine-sunt-cei-11-candidati-care-intra-in-lupta-pentru-palatul-cotroceni-7-reprezentanti-ai-unor-partide-si-aliante-si-4-independenti","status":"publish","type":"post","link":"https:\/\/247stiri.ro\/index.php\/2025\/03\/20\/cine-sunt-cei-11-candidati-care-intra-in-lupta-pentru-palatul-cotroceni-7-reprezentanti-ai-unor-partide-si-aliante-si-4-independenti\/","title":{"rendered":"Cine sunt cei 11 candida\u021bi care intr\u0103 \u00een lupta pentru Palatul Cotroceni: 7 reprezentan\u021bi ai unor partide \u0219i alian\u021be \u0219i 4 independen\u021bi"},"content":{"rendered":"<p>Candidaturile sunt, \u00eencep\u00e2nd de ast\u0103zi, definitive, dup\u0103 ce au fost parcurse toate etapele \u0219i termenele prev\u0103zute de calendarul alegerilor, astfel c\u0103 cele 11 nume se vor reg\u0103si pe buletinul de vot.<\/p>\n<p>Aleg\u0103torii vor avea de ales, pe 4 mai, dintre urm\u0103torii candida\u021bi:<\/p>\n<p>* Nicu\u0219or Dan (independent)<\/p>\n<p>* Crin Antonescu (Alian\u021ba Rom\u00e2nia \u00cenainte)<\/p>\n<p>* Victor Ponta (independent)<\/p>\n<p>* Elena Lasconi (USR)<\/p>\n<p>* George Simion (AUR)<\/p>\n<p>* Lavinia \u0218andru (PUSL)<\/p>\n<p>* Cristian Terhe\u0219 (Partidul Na\u021bional Conservator Rom\u00e2n)<\/p>\n<p>* John-Ion Banu-Muscel (independent)<\/p>\n<p>* Silviu Predoiu (Partidul Liga Ac\u021biunii Na\u021bionale)<\/p>\n<p>* Daniel Funeriu (independent)<\/p>\n<p>* Sebastian-Constantin Popescu (Partidul Noua Rom\u00e2nie)<\/p>\n<p>O situa\u021bie aparte a reprezentat-o cazul pre\u0219edintei Partidului Oamenilor Tineri, Anamaria Gavril\u0103, care a primit und\u0103 verde de la BEC \u0219i CCR s\u0103 candideze, \u00eens\u0103 a decis, miercuri seara, s\u0103 se retrag\u0103 din competi\u021bie, \u00een favoarea liderului AUR, George Simion, care r\u0103m\u00e2ne candidatul suverani\u0219tilor. Cei doi \u00ee\u0219i depuseser\u0103 candidatura dup\u0103 ie\u0219irea din curs\u0103 a lui C\u0103lin Georgescu.\u00a0<\/p>\n<p><a href=\"https:\/\/www.realitatea.net\/stiri\/actual\/ziua-decisiva-simion-si-gavrila-anuntul-momentului-la-realitatea-plus_67daf517bb226975cf04a633\" target=\"_blank\">Zarurile au fost aruncate! George Simion, candidatul UNIC al suverani\u0219tilor pentru Cotroceni: Mesaj de for\u021b\u0103 \u0219i unitate<\/a><\/p>\n<p>&#8222;Pentru a d\u0103rui mi\u0219c\u0103rii suveraniste, sus\u021binut\u0103 de rom\u00e2ni, cele mai multe \u0219anse, am ales s\u0103 m\u0103 retrag din aceast\u0103 curs\u0103. Eu am f\u0103cut tot ce a depins de mine \u00een aceast\u0103 lupt\u0103 \u0219i am \u00eencredere \u00een decizia care a fost luat\u0103. Noi, cei de la POT, am asigurat certitudinea de a avea o a doua candidatur\u0103 care s\u0103 treac\u0103 prin filtrul CCR \u0219i BEC. Dragi rom\u00e2ni, aceast\u0103 misiune este despre noi to\u021bi \u0219i despre libertatea noastr\u0103&#8221;, a scris Anamaria Gavril\u0103 pe Facebook.<\/p>\n<p>Totodat\u0103, \u00een cazul a doi dintre candida\u021bii care se g\u0103sesc pe lista final\u0103 &#8211; Sebastian-Constantin Popescu, propus de Partidul Noua Rom\u00e2nie, \u0219i al lui John-Ion Banu-Muscel (independent) &#8211; Biroul Electoral Central a sesizat organele de urm\u0103rire penal\u0103 \u00een vederea stabilirii autenticit\u0103\u021bii listelor de sus\u021bin\u0103tori care au \u00eenso\u021bit candidaturile.<\/p>\n<p><a href=\"https:\/\/www.realitatea.net\/stiri\/actual\/topul-celor-mai-bogati-candidati-la-alegerile-prezidentiale-multi-dintre-acestia-se-lafaie-in-bani-terenuri-si-autoturisme-de-lux_67daccdf73ae3474b45ed811\" target=\"_blank\">Topul celor mai boga\u021bi candida\u021bi la alegerile preziden\u021biale. Mul\u021bi dintre ace\u0219tia se l\u0103f\u0103ie \u00een bani, terenuri si autoturisme de lux<\/a><\/p>\n<p>Cinci candida\u021bi &#8211; Elena Lasconi, George Simion, Cristian Terhe\u0219, Silviu Predoiu \u0219i Sebastian-Constantin Popescu &#8211; au intrat \u00een cursa electoral\u0103 \u0219i la scrutinul preziden\u021bial de anul trecut, \u0219efa USR reu\u0219ind s\u0103 ajung\u0103 \u00een turul doi cu independentul C\u0103lin Georgescu, alegeri care \u00eens\u0103 au fost anulate de Curtea Constitu\u021bional\u0103.<\/p>\n<p>Printre candidaturile respinse de BEC pentru scrutinul din luna mai se num\u0103r\u0103 cea a lui C\u0103lin Georgescu \u0219i a pre\u0219edintei SOS Rom\u00e2nia, Diana \u0218o\u0219oac\u0103.<\/p>\n<p>\u00a0<\/p>","protected":false},"excerpt":{"rendered":"<p>Candidaturile sunt, \u00eencep\u00e2nd de ast\u0103zi, definitive, dup\u0103 ce au fost parcurse toate etapele \u0219i termenele&hellip;<\/p>\n","protected":false},"author":0,"featured_media":40865,"comment_status":"open","ping_status":"open","sticky":false,"template":"","format":"standard","meta":{"footnotes":""},"categories":[3],"tags":[],"class_list":["post-40864","post","type-post","status-publish","format-standard","has-post-thumbnail","hentry","category-politica"],"_links":{"self":[{"href":"https:\/\/247stiri.ro\/index.php\/wp-json\/wp\/v2\/posts\/40864","targetHints":{"allow":["GET"]}}],"collection":[{"href":"https:\/\/247stiri.ro\/index.php\/wp-json\/wp\/v2\/posts"}],"about":[{"href":"https:\/\/247stiri.ro\/index.php\/wp-json\/wp\/v2\/types\/post"}],"replies":[{"embeddable":true,"href":"https:\/\/247stiri.ro\/index.php\/wp-json\/wp\/v2\/comments?post=40864"}],"version-history":[{"count":0,"href":"https:\/\/247stiri.ro\/index.php\/wp-json\/wp\/v2\/posts\/40864\/revisions"}],"wp:featuredmedia":[{"embeddable":true,"href":"https:\/\/247stiri.ro\/index.php\/wp-json\/wp\/v2\/media\/40865"}],"wp:attachment":[{"href":"https:\/\/247stiri.ro\/index.php\/wp-json\/wp\/v2\/media?parent=40864"}],"wp:term":[{"taxonomy":"category","embeddable":true,"href":"https:\/\/247stiri.ro\/index.php\/wp-json\/wp\/v2\/categories?post=40864"},{"taxonomy":"post_tag","embeddable":true,"href":"https:\/\/247stiri.ro\/index.php\/wp-json\/wp\/v2\/tags?post=40864"}],"curies":[{"name":"wp","href":"https:\/\/api.w.org\/{rel}","templated":true}]}}