{"id":40866,"date":"2025-03-20T05:45:11","date_gmt":"2025-03-20T05:45:11","guid":{"rendered":"https:\/\/247stiri.ro\/index.php\/2025\/03\/20\/cristoiu-avertizeaza-sistemul-vrea-sa-anuleze-alegerile-pentru-bolojan\/"},"modified":"2025-03-20T05:45:11","modified_gmt":"2025-03-20T05:45:11","slug":"cristoiu-avertizeaza-sistemul-vrea-sa-anuleze-alegerile-pentru-bolojan","status":"publish","type":"post","link":"https:\/\/247stiri.ro\/index.php\/2025\/03\/20\/cristoiu-avertizeaza-sistemul-vrea-sa-anuleze-alegerile-pentru-bolojan\/","title":{"rendered":"Cristoiu avertizeaz\u0103: Sistemul vrea s\u0103 ANULEZE alegerile pentru Bolojan"},"content":{"rendered":"<p>&#8222;Voi v\u0103 imagina\u021bi ce preg\u0103tesc \u0103\u0219tia? V-a\u021bi imaginat rosturile \u00eent\u00e2lnirii de la Cotroceni unde Ilie Bolojan \u00een premier\u0103 i-a str\u00e2ns \u0219i pe \u0103ia de la ANCOM \u0219i pe to\u021bi.<\/p>\n<p>V\u0103 imagina\u021bi c\u0103 nu e primul semn. Avem pe o parte cum se preg\u0103te\u0219te anularea alegerilor \u0219i dac\u0103 nu iese cine trebuie.\u00a0<\/p>\n<p>Vor neap\u0103rat neap\u0103rat pentru ca Ilie Bolojan s\u0103 poat\u0103 candida. Ilie Bolojan este alesul, da? Deci \u0103\u0219tia vor anula alegerile cu pretextul \u201eRusia a intervenit cu troli \u00een favoarea lui Simion\u201d&#8221;, a declarat Ion Cristoiu.\u00a0\u00a0<\/p>\n<p>\u00a0<\/p>\n<p><a title=\"@ioncristoiu\" href=\"https:\/\/www.tiktok.com\/@ioncristoiu?refer=embed\" target=\"_blank\">@ioncristoiu<\/a> <a title=\"stiricomentate\" href=\"https:\/\/www.tiktok.com\/tag\/stiricomentate?refer=embed\" target=\"_blank\">#stiricomentate<\/a> <a title=\"cezicecristoiu\" href=\"https:\/\/www.tiktok.com\/tag\/cezicecristoiu?refer=embed\" target=\"_blank\">#cezicecristoiu<\/a> <a title=\"iliebolojan\" href=\"https:\/\/www.tiktok.com\/tag\/iliebolojan?refer=embed\" target=\"_blank\">#iliebolojan<\/a> <a title=\"\u266c original sound - ioncristoiu\" href=\"https:\/\/www.tiktok.com\/music\/original-sound-7483492259457157910?refer=embed\" target=\"_blank\">\u266c original sound &#8211; ioncristoiu<\/a><\/p>","protected":false},"excerpt":{"rendered":"<p>&#8222;Voi v\u0103 imagina\u021bi ce preg\u0103tesc \u0103\u0219tia? V-a\u021bi imaginat rosturile \u00eent\u00e2lnirii de la Cotroceni unde Ilie&hellip;<\/p>\n","protected":false},"author":0,"featured_media":40867,"comment_status":"open","ping_status":"open","sticky":false,"template":"","format":"standard","meta":{"footnotes":""},"categories":[3],"tags":[],"class_list":["post-40866","post","type-post","status-publish","format-standard","has-post-thumbnail","hentry","category-politica"],"_links":{"self":[{"href":"https:\/\/247stiri.ro\/index.php\/wp-json\/wp\/v2\/posts\/40866","targetHints":{"allow":["GET"]}}],"collection":[{"href":"https:\/\/247stiri.ro\/index.php\/wp-json\/wp\/v2\/posts"}],"about":[{"href":"https:\/\/247stiri.ro\/index.php\/wp-json\/wp\/v2\/types\/post"}],"replies":[{"embeddable":true,"href":"https:\/\/247stiri.ro\/index.php\/wp-json\/wp\/v2\/comments?post=40866"}],"version-history":[{"count":0,"href":"https:\/\/247stiri.ro\/index.php\/wp-json\/wp\/v2\/posts\/40866\/revisions"}],"wp:featuredmedia":[{"embeddable":true,"href":"https:\/\/247stiri.ro\/index.php\/wp-json\/wp\/v2\/media\/40867"}],"wp:attachment":[{"href":"https:\/\/247stiri.ro\/index.php\/wp-json\/wp\/v2\/media?parent=40866"}],"wp:term":[{"taxonomy":"category","embeddable":true,"href":"https:\/\/247stiri.ro\/index.php\/wp-json\/wp\/v2\/categories?post=40866"},{"taxonomy":"post_tag","embeddable":true,"href":"https:\/\/247stiri.ro\/index.php\/wp-json\/wp\/v2\/tags?post=40866"}],"curies":[{"name":"wp","href":"https:\/\/api.w.org\/{rel}","templated":true}]}}