{"id":40869,"date":"2025-03-20T05:45:12","date_gmt":"2025-03-20T05:45:12","guid":{"rendered":"https:\/\/247stiri.ro\/index.php\/2025\/03\/20\/sarbatoarea-zilei-20-martie-2025-mari-sfinti-ai-ortodoxiei-pomeniti-astazi-in-calendarele-crestine\/"},"modified":"2025-03-20T05:45:12","modified_gmt":"2025-03-20T05:45:12","slug":"sarbatoarea-zilei-20-martie-2025-mari-sfinti-ai-ortodoxiei-pomeniti-astazi-in-calendarele-crestine","status":"publish","type":"post","link":"https:\/\/247stiri.ro\/index.php\/2025\/03\/20\/sarbatoarea-zilei-20-martie-2025-mari-sfinti-ai-ortodoxiei-pomeniti-astazi-in-calendarele-crestine\/","title":{"rendered":"S\u0103rb\u0103toarea zilei: 20 martie 2025. Mari sfin\u021bi ai ortodoxiei, pomeni\u021bi, ast\u0103zi, \u00een calendarele cre\u0219tine"},"content":{"rendered":"<p>S\u0103rb\u0103torile zilei:<\/p>\n<p>OrtodoxeSf. Cuv. Mucenici din M\u0103n\u0103stirea Sf. Sava cel Sfin\u0163it<\/p>\n<p>Greco-catoliceSf. cuv. m. uci\u015fi \u00een M\u0103n\u0103stirea Sf. Sava<\/p>\n<p>Romano-catoliceSf. Iosif, so\u0163ul Sf. Fc. MariaSs. Ioan Nepomuk, pr. m.; Paul, Ciril, Eugen \u015fi \u00eens. m.<\/p>\n<p>Sfin\u0163ii Cuvio\u015fi Mucenici uci\u015fi \u00een M\u0103n\u0103stirea Sf\u00e2ntul Sava cel Sfin\u0163it sunt pomeni\u0163i \u00een calendarul cre\u015ftin ortodox la 20 martie.<\/p>\n<p>\u00cen perioada \u00een care Imperiul Roman de R\u0103s\u0103rit era condus de la Constantinopol de \u00eemp\u0103ra\u0163ii Constantin \u015fi Irina (780-797), Ierusalimul se afla sub st\u0103p\u00e2nire arab\u0103, iar teritoriile din jurul Sfintei Cet\u0103\u0163i erau supuse atacurilor \u015fi jafurilor.<\/p>\n<p>&#8222;\u015ei mult\u0103 risipire se f\u0103cea \u0163\u0103rii cu r\u0103zboiul acela, pentru c\u0103 barbarii, o\u015ftindu-se \u00eentre ei, pustiau nu numai satele, ci \u015fi cet\u0103\u0163ile, precum Elevteropolis, Ascalonul, Gaza, Scarifia \u015fi celelalte. C\u0103ci n\u0103v\u0103leau f\u0103r\u0103 de veste \u015fi, de\u015fi nu ucideau pe tot poporul, jefuiau toate averile \u015fi omorau pe to\u0163i aceia care li se \u00eempotriveau. \u015ei \u015fedeau pe l\u00e2ng\u0103 toate c\u0103ile, prinz\u00e2nd pe cei ce treceau, b\u0103t\u00e2ndu-i, r\u0103nindu-i \u015fi r\u0103pindu-le tot ce aveau, p\u00e2n\u0103 la c\u0103ma\u015f\u0103. Numai aceast\u0103 mil\u0103 aveau, c\u0103 eliberau vii pe cei dezbr\u0103ca\u0163i, b\u0103tu\u0163i \u015fi r\u0103ni\u0163i&#8221;. (Vie\u0163ile Sfin\u0163ilor)<\/p>\n<p>Lavra Sf\u00e2ntului Sava a fost atacat\u0103 atunci \u015fi mul\u0163i dintre monahii care se adunaser\u0103 \u00een Lavr\u0103 au suferit moartea muceniceasc\u0103.<\/p>\n<p>Dou\u0103 astfel de n\u0103v\u0103liri s-au \u00eent\u00e2mplat la M\u0103n\u0103stirea Sf\u00e2ntului Sava, \u00een timpul Postului Mare, una \u00een s\u0103pt\u0103m\u00e2na dinaintea Floriilor \u015fi cealalt\u0103 \u00een Joia Mare dinaintea Pa\u015ftilor, \u00een urma c\u0103rora au fost uci\u015fi sau r\u0103ni\u0163i de moarte mul\u0163i dintre vie\u0163uitorii m\u0103n\u0103stirii, chiliile fiind incendiate.<\/p>\n<p>Uciderea Sfin\u0163ilor Mucenici s-a f\u0103cut cu s\u0103lb\u0103ticie, unii dintre ei a au fost s\u0103geta\u0163i cu s\u0103ge\u0163ile, altora li s-a t\u0103iat capul, al\u0163ii au fost t\u0103ia\u0163i \u00een dou\u0103, iar altora li s-au t\u0103iat m\u00e2inile \u015fi picioarele sau au fost uci\u015fi cu pietre.<\/p>\n<p>Monahii au fost chinui\u0163i pentru a spune unde este vistieria \u015fi mai marii a\u015fez\u0103m\u00e2ntului. Uciderile \u015fi jaful au \u00eencetat p\u00e2n\u0103 la urm\u0103, lu\u00e2nd barbarii c\u00e2t au putut s\u0103 g\u0103seasc\u0103 din lucrurile biserice\u015fti \u015fi m\u00e2n\u0103stire\u015fti \u015fi pun\u00e2ndu-le pe c\u0103milele m\u0103n\u0103stirii.<\/p>\n<p>&#8222;Atunci fra\u0163ii care r\u0103m\u0103seser\u0103 abia vii \u015fi al\u0163ii ce se ascunseser\u0103 prin cr\u0103p\u0103turile mun\u0163ilor \u015fi prin pe\u015fteri, adun\u00e2ndu-se t\u00e2rziu \u00een loca\u015f, au adus \u00een biseric\u0103, care cu dumnezeiasc\u0103 ap\u0103rare r\u0103m\u0103sese nears\u0103, trupurile cuvio\u015filor p\u0103rin\u0163i cele \u00een multe feluri ucise \u015fi cu fum omor\u00e2te \u015fi au petrecut toat\u0103 noaptea aceea a m\u00e2ntuitoarelor Patimi \u00eentru nem\u00e2ng\u00e2iat\u0103 t\u00e2nguire, apoi i-au dat cinstitei \u00eengrop\u0103ri. Iar c\u00e2\u0163i dintre p\u0103rin\u0163i au sc\u0103pat vii, dar pe jum\u0103tate mor\u0163i, pe aceia cu doctorii \u00eei \u00eengrijeau, av\u00e2nd pe fericitul Toma, doctorul cel mai sus pomenit, care r\u0103m\u0103sese \u00eentre cei vii \u015fi care, mai pe urm\u0103, a fost egumen \u00een lavra ce se numea &#8216;veche'&#8221;.<\/p>","protected":false},"excerpt":{"rendered":"<p>S\u0103rb\u0103torile zilei: OrtodoxeSf. Cuv. Mucenici din M\u0103n\u0103stirea Sf. Sava cel Sfin\u0163it Greco-catoliceSf. cuv. m. uci\u015fi&hellip;<\/p>\n","protected":false},"author":0,"featured_media":40859,"comment_status":"open","ping_status":"open","sticky":false,"template":"","format":"standard","meta":{"footnotes":""},"categories":[2],"tags":[],"class_list":["post-40869","post","type-post","status-publish","format-standard","has-post-thumbnail","hentry","category-actual"],"_links":{"self":[{"href":"https:\/\/247stiri.ro\/index.php\/wp-json\/wp\/v2\/posts\/40869","targetHints":{"allow":["GET"]}}],"collection":[{"href":"https:\/\/247stiri.ro\/index.php\/wp-json\/wp\/v2\/posts"}],"about":[{"href":"https:\/\/247stiri.ro\/index.php\/wp-json\/wp\/v2\/types\/post"}],"replies":[{"embeddable":true,"href":"https:\/\/247stiri.ro\/index.php\/wp-json\/wp\/v2\/comments?post=40869"}],"version-history":[{"count":0,"href":"https:\/\/247stiri.ro\/index.php\/wp-json\/wp\/v2\/posts\/40869\/revisions"}],"wp:featuredmedia":[{"embeddable":true,"href":"https:\/\/247stiri.ro\/index.php\/wp-json\/wp\/v2\/media\/40859"}],"wp:attachment":[{"href":"https:\/\/247stiri.ro\/index.php\/wp-json\/wp\/v2\/media?parent=40869"}],"wp:term":[{"taxonomy":"category","embeddable":true,"href":"https:\/\/247stiri.ro\/index.php\/wp-json\/wp\/v2\/categories?post=40869"},{"taxonomy":"post_tag","embeddable":true,"href":"https:\/\/247stiri.ro\/index.php\/wp-json\/wp\/v2\/tags?post=40869"}],"curies":[{"name":"wp","href":"https:\/\/api.w.org\/{rel}","templated":true}]}}