{"id":40883,"date":"2025-03-20T06:45:34","date_gmt":"2025-03-20T06:45:34","guid":{"rendered":"https:\/\/247stiri.ro\/index.php\/2025\/03\/20\/excluderea-lui-calin-georgescu-din-cursa-pentru-prezidentiale-criticata-in-presa-straina-o-noua-practica-in-ue\/"},"modified":"2025-03-20T06:45:34","modified_gmt":"2025-03-20T06:45:34","slug":"excluderea-lui-calin-georgescu-din-cursa-pentru-prezidentiale-criticata-in-presa-straina-o-noua-practica-in-ue","status":"publish","type":"post","link":"https:\/\/247stiri.ro\/index.php\/2025\/03\/20\/excluderea-lui-calin-georgescu-din-cursa-pentru-prezidentiale-criticata-in-presa-straina-o-noua-practica-in-ue\/","title":{"rendered":"Excluderea lui C\u0103lin Georgescu din cursa pentru preziden\u021biale, criticat\u0103 \u00een presa str\u0103in\u0103: O nou\u0103 practic\u0103 \u00een UE?"},"content":{"rendered":"<p>Vicepre\u0219edintele american JD Vance a criticat deja aceast\u0103 decizie \u0219i a declarat c\u0103 anularea unui scrutin \u00eentreg este de neconceput \u00eentr-o democra\u021bie autentic\u0103. El a avertizat c\u0103 o astfel de practic\u0103 ar putea fi aplicat\u0103 \u0219i \u00een alte \u021b\u0103ri europene, pun\u00e2nd \u00een pericol libert\u0103\u021bile fundamentale.<\/p>\n<p>&#8222;Ideea pe care \u00eencerc s\u0103 o transmit prietenilor no\u0219tri europeni este c\u0103 prietenia este bazat\u0103 pe valori comune. Nu po\u021bi avea valori comune dac\u0103 anulezi alegeri doar pentru c\u0103 nu \u00ee\u021bi place rezultatul, iar asta s-a \u00eent\u00e2mplat \u00een Rom\u00e2nia&#8221;, a afirmat JD Vance, vicepre\u0219edintele Statelor Unite ale Americii.<\/p>\n<p>Articolul subliniaz\u0103 dilema major\u0103: cine are dreptul s\u0103 decid\u0103 ce voturi sunt valide \u0219i care partide pot participa la alegeri? Dac\u0103 o democra\u021bie ajunge s\u0103 func\u021bioneze doar prin excluderea celor care g\u00e2ndesc diferit, atunci se \u00eendreapt\u0103 spre un sistem autocratic.<\/p>\n<p>Presa str\u0103in\u0103 trage un semnal de alarm\u0103 cu privire la \u201eefectul de contagiune\u201d \u2013 riscul ca interzicerea partidelor \u0219i candida\u021bilor s\u0103 nu se limiteze doar la Rom\u00e2nia, ci s\u0103 fie aplicat\u0103 \u0219i \u00een alte state membre ale Uniunii Europene. Aceasta ar transforma democra\u021biile na\u021bionale \u00een sisteme care servesc doar elitele politice, nu cet\u0103\u021benii.\u00a0<\/p>","protected":false},"excerpt":{"rendered":"<p>Vicepre\u0219edintele american JD Vance a criticat deja aceast\u0103 decizie \u0219i a declarat c\u0103 anularea unui&hellip;<\/p>\n","protected":false},"author":0,"featured_media":40878,"comment_status":"open","ping_status":"open","sticky":false,"template":"","format":"standard","meta":{"footnotes":""},"categories":[3],"tags":[],"class_list":["post-40883","post","type-post","status-publish","format-standard","has-post-thumbnail","hentry","category-politica"],"_links":{"self":[{"href":"https:\/\/247stiri.ro\/index.php\/wp-json\/wp\/v2\/posts\/40883","targetHints":{"allow":["GET"]}}],"collection":[{"href":"https:\/\/247stiri.ro\/index.php\/wp-json\/wp\/v2\/posts"}],"about":[{"href":"https:\/\/247stiri.ro\/index.php\/wp-json\/wp\/v2\/types\/post"}],"replies":[{"embeddable":true,"href":"https:\/\/247stiri.ro\/index.php\/wp-json\/wp\/v2\/comments?post=40883"}],"version-history":[{"count":0,"href":"https:\/\/247stiri.ro\/index.php\/wp-json\/wp\/v2\/posts\/40883\/revisions"}],"wp:featuredmedia":[{"embeddable":true,"href":"https:\/\/247stiri.ro\/index.php\/wp-json\/wp\/v2\/media\/40878"}],"wp:attachment":[{"href":"https:\/\/247stiri.ro\/index.php\/wp-json\/wp\/v2\/media?parent=40883"}],"wp:term":[{"taxonomy":"category","embeddable":true,"href":"https:\/\/247stiri.ro\/index.php\/wp-json\/wp\/v2\/categories?post=40883"},{"taxonomy":"post_tag","embeddable":true,"href":"https:\/\/247stiri.ro\/index.php\/wp-json\/wp\/v2\/tags?post=40883"}],"curies":[{"name":"wp","href":"https:\/\/api.w.org\/{rel}","templated":true}]}}