{"id":40884,"date":"2025-03-20T06:45:34","date_gmt":"2025-03-20T06:45:34","guid":{"rendered":"https:\/\/247stiri.ro\/index.php\/2025\/03\/20\/termenul-de-acordare-a-sumei-forfetare-pentru-refugiatii-din-ucraina-va-fi-prelungit-sedinta-importanta-la-palatul-victoria\/"},"modified":"2025-03-20T06:45:34","modified_gmt":"2025-03-20T06:45:34","slug":"termenul-de-acordare-a-sumei-forfetare-pentru-refugiatii-din-ucraina-va-fi-prelungit-sedinta-importanta-la-palatul-victoria","status":"publish","type":"post","link":"https:\/\/247stiri.ro\/index.php\/2025\/03\/20\/termenul-de-acordare-a-sumei-forfetare-pentru-refugiatii-din-ucraina-va-fi-prelungit-sedinta-importanta-la-palatul-victoria\/","title":{"rendered":"Termenul de acordare a sumei forfetare pentru refugia\u0163ii din Ucraina va fi prelungit. \u0218edin\u021b\u0103 important\u0103 la Palatul Victoria"},"content":{"rendered":"<p>&#8222;Prezentul proiect de act normativ \u00ee\u0219i propune prelungirea, p\u00e2n\u0103 la data de 31 decembrie 2025, a m\u0103surii referitoare la acordarea de sprijin \u0219i asisten\u021b\u0103 umanitar\u0103 cet\u0103\u021benilor str\u0103ini sau apatrizilor afla\u021bi \u00een situa\u021bii deosebite proveni\u021bi din zona conflictului armat din Ucraina, care au intrat pe teritoriul Rom\u00e2niei anterior datei de 1 iulie 2024, g\u0103zdui\u021bi \u00een loca\u021biile stabilite de comitetele jude\u021bene\/al municipiului Bucure\u0219ti pentru situa\u021bii de urgen\u021b\u0103&#8221;, se arat\u0103 \u00een nota de fundamentare a proiectului.<\/p>\n<p>Pe ordinea de zi a \u0219edin\u021bei se afl\u0103 \u0219i un proiect de hot\u0103r\u00e2re pentru modificarea \u0219i completarea HG nr.1178\/2024 pentru stabilirea cuantumului, condi\u021biilor \u0219i a mecanismului de acordare a sumelor forfetare potrivit OUG nr. 96\/2024 privind acordarea de sprijin \u0219i asisten\u021b\u0103 umanitar\u0103 de c\u0103tre statul rom\u00e2n cet\u0103\u021benilor str\u0103ini sau apatrizilor afla\u021bi \u00een situa\u021bii deosebite proveni\u021bi din zona conflictului armat din Ucraina.<\/p>\n<p>Executivul urmeaz\u0103 s\u0103 se pronun\u021be \u0219i cu privire la modificarea HG nr. 68\/2024 privind aprobarea normelor metodologice pentru determinarea costului standard per antepre\u0219colar\/pre\u0219colar\/elev pentru finan\u021barea de baz\u0103 a unit\u0103\u021bilor de \u00eenv\u0103\u021b\u0103m\u00e2nt preuniversitar de stat.<\/p>\n<p>Printr-o alt\u0103 hot\u0103r\u00e2re, Cabinetul Ciolacu va decide cu privire la modificarea \u0219i completarea HG nr. 69\/2024 privind aprobarea normelor metodologice pentru determinarea costului standard per antepre\u0219colar\/pre\u0219colar\/elev pentru finan\u021barea de baz\u0103 a unit\u0103\u021bilor de \u00eenv\u0103\u021b\u0103m\u00e2nt preuniversitar particular \u0219i confesional acreditate \u0219i autorizate f\u0103r\u0103 tax\u0103.<\/p>\n<p>Executivul va analiza \u0219i un proiect de hot\u0103r\u00e2re privind Registrul de furnizori din domeniul feroviar. &#8216;Prezenta hot\u0103r\u00e2re reglementeaz\u0103 cadrul legal pentru crearea, administrarea \u0219i actualizarea unui Registru de furnizori (&#8230;) de c\u0103tre Autoritatea Feroviar\u0103 Rom\u00e2n\u0103 &#8211; AFER, (&#8230;) av\u00e2nd ca scop men\u021binerea eviden\u021bei autoriza\u021biilor emise operatorilor economici care furnizeaz\u0103 servicii \u0219i\/sau produse pentru domeniul feroviar, transportului cu metroul, metroul u\u0219or, monorai \u0219i transportului urban, suburban \u0219i regional pe \u0219ine, pe linii ferate industriale \u0219i pe c\u0103ile ferate cu caracter de patrimoniu, de muzeu sau turistic&#8217;, prevede proiectul.<\/p>\n<p>Pe agenda \u0219edin\u021bei de Guvern figureaz\u0103 \u0219i un proiect de hot\u0103r\u00e2re privind eliber\u0103ri\/numiri de prefec\u021bi \u0219i\/sau subprefec\u021bi.<\/p>\n<p>Cabinetul Ciolacu va analiza \u0219i proiect de ordonan\u021b\u0103 de urgen\u021b\u0103 privind stabilirea unor m\u0103suri la nivelul administra\u021biei publice centrale.<\/p>\n<p>\u00cen analiza Executivului se va afla \u0219i un proiect de OUG referitor la instituirea unei scheme de ajutor de stat privind exceptarea unor categorii de consumatori finali de la aplicarea Legii nr. 220\/2008 pentru stabilirea sistemului de promovare a producerii energiei din surse regenerabile de energie.<\/p>\n<p>Pe agenda reuniunii guvernamentale figureaz\u0103 \u0219i un memorandum av\u00e2nd ca tem\u0103 mandatarea reprezentan\u021bilor statului \u00een Adunarea general\u0103 a ac\u021bionarilor\/Consiliul de administra\u021bie, dup\u0103 caz, la societ\u0103\u021bile na\u021bionale, companiile na\u021bionale \u0219i societ\u0103\u021bile cu capital integral sau majoritar de stat, precum \u0219i la regiile autonome, \u00een vederea lu\u0103rii m\u0103surilor ce se impun pentru repartizarea unei cote de minim 90% din profitul net realizat al anului 2024 sub form\u0103 de dividende\/v\u0103rs\u0103minte la bugetul de stat.\u00a0<\/p>","protected":false},"excerpt":{"rendered":"<p>&#8222;Prezentul proiect de act normativ \u00ee\u0219i propune prelungirea, p\u00e2n\u0103 la data de 31 decembrie 2025,&hellip;<\/p>\n","protected":false},"author":0,"featured_media":40885,"comment_status":"open","ping_status":"open","sticky":false,"template":"","format":"standard","meta":{"footnotes":""},"categories":[3],"tags":[],"class_list":["post-40884","post","type-post","status-publish","format-standard","has-post-thumbnail","hentry","category-politica"],"_links":{"self":[{"href":"https:\/\/247stiri.ro\/index.php\/wp-json\/wp\/v2\/posts\/40884","targetHints":{"allow":["GET"]}}],"collection":[{"href":"https:\/\/247stiri.ro\/index.php\/wp-json\/wp\/v2\/posts"}],"about":[{"href":"https:\/\/247stiri.ro\/index.php\/wp-json\/wp\/v2\/types\/post"}],"replies":[{"embeddable":true,"href":"https:\/\/247stiri.ro\/index.php\/wp-json\/wp\/v2\/comments?post=40884"}],"version-history":[{"count":0,"href":"https:\/\/247stiri.ro\/index.php\/wp-json\/wp\/v2\/posts\/40884\/revisions"}],"wp:featuredmedia":[{"embeddable":true,"href":"https:\/\/247stiri.ro\/index.php\/wp-json\/wp\/v2\/media\/40885"}],"wp:attachment":[{"href":"https:\/\/247stiri.ro\/index.php\/wp-json\/wp\/v2\/media?parent=40884"}],"wp:term":[{"taxonomy":"category","embeddable":true,"href":"https:\/\/247stiri.ro\/index.php\/wp-json\/wp\/v2\/categories?post=40884"},{"taxonomy":"post_tag","embeddable":true,"href":"https:\/\/247stiri.ro\/index.php\/wp-json\/wp\/v2\/tags?post=40884"}],"curies":[{"name":"wp","href":"https:\/\/api.w.org\/{rel}","templated":true}]}}