{"id":40907,"date":"2025-03-20T07:45:27","date_gmt":"2025-03-20T07:45:27","guid":{"rendered":"https:\/\/247stiri.ro\/index.php\/2025\/03\/20\/ilie-bolojan-merge-la-consiliul-european-de-la-bruxelles-cum-se-va-implica-romania-in-razboiul-de-la-granita\/"},"modified":"2025-03-20T07:45:27","modified_gmt":"2025-03-20T07:45:27","slug":"ilie-bolojan-merge-la-consiliul-european-de-la-bruxelles-cum-se-va-implica-romania-in-razboiul-de-la-granita","status":"publish","type":"post","link":"https:\/\/247stiri.ro\/index.php\/2025\/03\/20\/ilie-bolojan-merge-la-consiliul-european-de-la-bruxelles-cum-se-va-implica-romania-in-razboiul-de-la-granita\/","title":{"rendered":"Ilie Bolojan merge la Consiliul European de la Bruxelles.  Cum se va implica Rom\u00e2nia \u00een r\u0103zboiul de la grani\u021b\u0103"},"content":{"rendered":"<p>\u00a0De asemenea, pre\u0219edintele interimar, Ilie Bolojan a avut o discu\u021bie cu premierul Marcel Ciolacu \u00een care au stabilit c\u0103 nici cheltuielile pentru ap\u0103rare nu vor afecta deficitul bugetar.\u00a0<\/p>\n<p>Administra\u0163ia Preziden\u0163ial\u0103 precizeaz\u0103 c\u0103 \u00een marja Consiliului European, va fi organizat\u0103, pe 20 martie, o \u00eent\u00e2lnire de lucru cu Secretarul General al Organiza\u0163iei Na\u0163iunilor Unite, Ant\u00f3nio Guterres, \u00een cadrul c\u0103reia liderii europeni \u015fi oficialul ONU vor avea un schimb de opinii privind provoc\u0103rile globale actuale, din perspectiva multilateralismului, problematicii oceanelor \u015fi situa\u0163iei din Orientul Mijlociu.<\/p>\n<p>\u201dUn punct principal pe agenda reuniunii se refer\u0103 la asigurarea competitivit\u0103\u0163ii europene, fiind identificate trei domenii prioritare pentru dezbatere: simplificarea \u015fi reducerea poverii administrative, consolidarea pie\u0163ei de energie \u015fi Uniunea economiilor \u015fi investi\u0163iilor. Vor fi abordate \u015fi Planurile de Ac\u0163iune pentru sectoarele auto \u015fi siderurgic\u201d, arat\u0103 comunicatul oficial.\u00a0<a title=\"Tupeul sorosistilor: Nicusor Dan s-a intalnit pe furis cu Ilie Bolojan la Palatul Cotroceni\" href=\"https:\/\/www.realitatea.net\/stiri\/actual\/tupeul-sorosistilor-nicusor-dan-sa-intalnit-pe-furis-la-palatul-cotroceni_67daca8e73ae3474b45ed802\">Tupeul soro\u0219i\u0219tilor: Nicu\u0219or Dan s-a \u00eent\u00e2lnit pe furi\u0219 cu Ilie Bolojan la Palatul Cotroceni<\/a>\u00a0\u201d\u00cent\u00e2lnirea va oferi oportunitatea unui prim schimb de vederi cu privire la viitorul Cadru financiar multianual, inten\u0163ia fiind de a identifica resursele necesare pentru ca Uniunea s\u0103-\u015fi ating\u0103 obiectivele \u015fi de a \u00een\u0163elege rolul noilor resurse proprii \u00een urm\u0103torul exerci\u0163iu bugetar. Obiectivul este ca aceast\u0103 discu\u0163ie s\u0103 contribuie la preg\u0103tirea propunerilor Comisiei Europene pentru pachetul ce ar urma s\u0103 fie prezentat \u00eenainte de var\u0103\u201d, se mai precizeaz\u0103 \u00een comunicat. Joi, pre\u015fedintele interimar al Rom\u00e2niei, Ilie Bolojan, va participa \u015fi la Summitul PPE, \u00een cadrul c\u0103ruia se va discuta agenda reuniunii Consiliului European.<\/p>\n<p>Kaja Kallas, \u0219efa diploma\u021biei europene, a declarat: \u201e\u00cen primul r\u00e2nd, s\u0103 facem \u0163\u0103rile europene mai puternice \u00een fa\u0163a oric\u0103rei amenin\u0163\u0103ri militare. Am identificat lacunele din capacit\u0103\u0163ile pe care le au unele state membre, \u00een concordan\u0163\u0103 cu priorit\u0103\u0163ile de capacitate ale NATO. Am prezentat idei despre cum colabor\u0103m pentru a le \u00eendeplini.\u201d<\/p>\n<p>\u201e\u00cen Carta Alb\u0103 am preluat propunerile din partea Ini\u021biativei Militare de Sprijin pentru sus\u0163inerea Ucrainei, inclusiv cu mai mult\u0103 muni\u0163ie, cel pu\u0163in dou\u0103 milioane de buc\u0103\u0163i pe an, la fel \u015fi ap\u0103rarea aerian\u0103 \u015fi drone \u015fi instruirea \u015fi echiparea brig\u0103zilor ucrainene. Aceasta include sprijin direct pentru industria de ap\u0103rare a Ucrainei \u015fi, de asemenea, un acces \u00eembun\u0103t\u0103\u0163it la serviciile spa\u0163iale\u201d, a mai spus \u0219efa diploma\u021biei europene.<\/p>\n<p><a href=\"https:\/\/www.realitatea.net\/stiri\/extern\/razboi-in-ucraina-ziua-1121-armistitiu-doar-pe-jumatate-atacurile-au-continuat-in-ucraina-ce-spune-trump-despre-discutia-cu-zelenski-live-text_67dba7f141fe3602256986c2\" target=\"_blank\">R\u0103zboi \u00een Ucraina, ziua 1121. Armisti\u021biu, doar pe jum\u0103tate. Atacurile au continuat \u00een Ucraina. Ce spune Trump despre discu\u021bia cu Zelenski &#8211; LIVE TEXT<\/a><\/p>\n<p>\u00a0<\/p>","protected":false},"excerpt":{"rendered":"<p>\u00a0De asemenea, pre\u0219edintele interimar, Ilie Bolojan a avut o discu\u021bie cu premierul Marcel Ciolacu \u00een&hellip;<\/p>\n","protected":false},"author":0,"featured_media":40908,"comment_status":"open","ping_status":"open","sticky":false,"template":"","format":"standard","meta":{"footnotes":""},"categories":[3],"tags":[],"class_list":["post-40907","post","type-post","status-publish","format-standard","has-post-thumbnail","hentry","category-politica"],"_links":{"self":[{"href":"https:\/\/247stiri.ro\/index.php\/wp-json\/wp\/v2\/posts\/40907","targetHints":{"allow":["GET"]}}],"collection":[{"href":"https:\/\/247stiri.ro\/index.php\/wp-json\/wp\/v2\/posts"}],"about":[{"href":"https:\/\/247stiri.ro\/index.php\/wp-json\/wp\/v2\/types\/post"}],"replies":[{"embeddable":true,"href":"https:\/\/247stiri.ro\/index.php\/wp-json\/wp\/v2\/comments?post=40907"}],"version-history":[{"count":0,"href":"https:\/\/247stiri.ro\/index.php\/wp-json\/wp\/v2\/posts\/40907\/revisions"}],"wp:featuredmedia":[{"embeddable":true,"href":"https:\/\/247stiri.ro\/index.php\/wp-json\/wp\/v2\/media\/40908"}],"wp:attachment":[{"href":"https:\/\/247stiri.ro\/index.php\/wp-json\/wp\/v2\/media?parent=40907"}],"wp:term":[{"taxonomy":"category","embeddable":true,"href":"https:\/\/247stiri.ro\/index.php\/wp-json\/wp\/v2\/categories?post=40907"},{"taxonomy":"post_tag","embeddable":true,"href":"https:\/\/247stiri.ro\/index.php\/wp-json\/wp\/v2\/tags?post=40907"}],"curies":[{"name":"wp","href":"https:\/\/api.w.org\/{rel}","templated":true}]}}