{"id":40913,"date":"2025-03-20T07:45:29","date_gmt":"2025-03-20T07:45:29","guid":{"rendered":"https:\/\/247stiri.ro\/index.php\/2025\/03\/20\/liberalii-l-au-lasat-din-brate-pe-faraonul-iohannis-pnl-cere-o-comisie-pentru-investigarea-cheltuielilor-uriase-ale-fostului-presedinte\/"},"modified":"2025-03-20T07:45:29","modified_gmt":"2025-03-20T07:45:29","slug":"liberalii-l-au-lasat-din-brate-pe-faraonul-iohannis-pnl-cere-o-comisie-pentru-investigarea-cheltuielilor-uriase-ale-fostului-presedinte","status":"publish","type":"post","link":"https:\/\/247stiri.ro\/index.php\/2025\/03\/20\/liberalii-l-au-lasat-din-brate-pe-faraonul-iohannis-pnl-cere-o-comisie-pentru-investigarea-cheltuielilor-uriase-ale-fostului-presedinte\/","title":{"rendered":"Liberalii l-au l\u0103sat din bra\u021be pe faraonul Iohannis. PNL cere o comisie pentru investigarea cheltuielilor uria\u0219e ale fostului pre\u0219edinte"},"content":{"rendered":"<p>De\u0219i l-au sus\u021binut pentru a ajunge om \u00een stat \u00een dou\u0103 mandate, imediat ce au fost desecretizate cheltuielile cu deplas\u0103rile sale \u00een str\u0103in\u0103tate, acum liberalii se dezic de fostul &#8222;faraon&#8221;.<\/p>\n<p class=\"selectable-text copyable-text x15bjb6t x1n2onr6\">Vicepre\u0219edintele PNL, Adrian Cozma, a afirmat c\u0103 s-ar impune \u00eenfiin\u021barea unei comisii, la nivelul Parlamentului, care s\u0103 analizeze toate aceste cheltuieli \u0219i chiar s\u0103 cear\u0103 explica\u021bii celor de la Curtea de Conturi.<\/p>\n<p class=\"selectable-text copyable-text x15bjb6t x1n2onr6\">\u201eEu nu mi-am imaginat c\u0103 e posibil, \u0219tiam pentru c\u0103 dvs., presa, a\u021bi relatat c\u0103 exist\u0103 anumite cheltuieli nejustificate sau exagerate, dar niciodat\u0103 nu mi-am putut imagina c\u0103 poate costa 700 de mii de lei parc\u0103 o deplasare pana la Bruxelles\u201d, a afirmat liberalul.<\/p>\n<p class=\"selectable-text copyable-text x15bjb6t x1n2onr6\">Un alt membru de seam\u0103 al PNL, Robert Sighiart\u0103u, a propus achizi\u021bionarea unui avion al Administra\u021biei Preziden\u021biale care s\u0103 poat\u0103 fi folosit inclusiv pentru anumite deplas\u0103ri, a\u0219a cum a fost pe vremea lui Traian B\u0103sescu.<\/p>\n<p>\u00a0<\/p>","protected":false},"excerpt":{"rendered":"<p>De\u0219i l-au sus\u021binut pentru a ajunge om \u00een stat \u00een dou\u0103 mandate, imediat ce au&hellip;<\/p>\n","protected":false},"author":0,"featured_media":40910,"comment_status":"open","ping_status":"open","sticky":false,"template":"","format":"standard","meta":{"footnotes":""},"categories":[2],"tags":[],"class_list":["post-40913","post","type-post","status-publish","format-standard","has-post-thumbnail","hentry","category-actual"],"_links":{"self":[{"href":"https:\/\/247stiri.ro\/index.php\/wp-json\/wp\/v2\/posts\/40913","targetHints":{"allow":["GET"]}}],"collection":[{"href":"https:\/\/247stiri.ro\/index.php\/wp-json\/wp\/v2\/posts"}],"about":[{"href":"https:\/\/247stiri.ro\/index.php\/wp-json\/wp\/v2\/types\/post"}],"replies":[{"embeddable":true,"href":"https:\/\/247stiri.ro\/index.php\/wp-json\/wp\/v2\/comments?post=40913"}],"version-history":[{"count":0,"href":"https:\/\/247stiri.ro\/index.php\/wp-json\/wp\/v2\/posts\/40913\/revisions"}],"wp:featuredmedia":[{"embeddable":true,"href":"https:\/\/247stiri.ro\/index.php\/wp-json\/wp\/v2\/media\/40910"}],"wp:attachment":[{"href":"https:\/\/247stiri.ro\/index.php\/wp-json\/wp\/v2\/media?parent=40913"}],"wp:term":[{"taxonomy":"category","embeddable":true,"href":"https:\/\/247stiri.ro\/index.php\/wp-json\/wp\/v2\/categories?post=40913"},{"taxonomy":"post_tag","embeddable":true,"href":"https:\/\/247stiri.ro\/index.php\/wp-json\/wp\/v2\/tags?post=40913"}],"curies":[{"name":"wp","href":"https:\/\/api.w.org\/{rel}","templated":true}]}}