{"id":40915,"date":"2025-03-20T07:45:30","date_gmt":"2025-03-20T07:45:30","guid":{"rendered":"https:\/\/247stiri.ro\/index.php\/2025\/03\/20\/mapn-trei-pacienti-palestinieni-si-apartinatorii-lor-dusi-cu-o-aeronava-spartan-in-norvegia\/"},"modified":"2025-03-20T07:45:30","modified_gmt":"2025-03-20T07:45:30","slug":"mapn-trei-pacienti-palestinieni-si-apartinatorii-lor-dusi-cu-o-aeronava-spartan-in-norvegia","status":"publish","type":"post","link":"https:\/\/247stiri.ro\/index.php\/2025\/03\/20\/mapn-trei-pacienti-palestinieni-si-apartinatorii-lor-dusi-cu-o-aeronava-spartan-in-norvegia\/","title":{"rendered":"MApN: Trei pacien\u021bi palestinieni \u0219i apar\u021bin\u0103torii lor, du\u0219i cu o aeronav\u0103 Spartan \u00een Norvegia"},"content":{"rendered":"<p>Al\u0163i pacien\u0163i au fost transporta\u0163i \u00een Fran\u0163a, cu aeronave ale unor \u0163\u0103ri partenere, iar restul urmeaz\u0103 s\u0103 primeasc\u0103 tratament de specialitate \u00een spitale din Bucure\u015fti, a transmis MApN \u00eentr-un comunicat de pres\u0103<\/p>\n<p>\u00cen total, \u00een Rom\u00e2nia au fost adu\u015fi din Israel, \u00een cursul serii de miercuri, 13 pacien\u0163i \u015fi 34 de membri de familie, cu o aeronav\u0103 C 130 Hercules a Ministerului Ap\u0103r\u0103rii Na\u0163ionale.<\/p>\n<p>Potrivit reprezentan\u021bilor MApN, Pe timpul zborurilor, asisten\u0163a medical\u0103 a fost asigurat\u0103 de medici \u015fi asisten\u0163i din echipa \u00a0UPU-SMURD a Spitalului Clinic de Urgen\u0163\u0103 Bucure\u015fti \u015fi din cadrul MApN.<\/p>\n<p>&#8222;Misiunile s-au desf\u0103\u015furat la solicitarea Departamentului pentru Situa\u0163ii de Urgen\u0163\u0103, ca r\u0103spuns a cererii primite de la Centrul de Coordonare a R\u0103spunsului la Situa\u0163ii de Urgen\u0163\u0103 al Comisiei Europene (ERCC), prin intermediul CECIS, din cadrul Mecanismului de Protec\u0163ie Civil\u0103 al Uniunii Europene&#8221;, mai arat\u0103 sursa citat\u0103.\u00a0<\/p>","protected":false},"excerpt":{"rendered":"<p>Al\u0163i pacien\u0163i au fost transporta\u0163i \u00een Fran\u0163a, cu aeronave ale unor \u0163\u0103ri partenere, iar restul&hellip;<\/p>\n","protected":false},"author":0,"featured_media":40916,"comment_status":"open","ping_status":"open","sticky":false,"template":"","format":"standard","meta":{"footnotes":""},"categories":[2],"tags":[],"class_list":["post-40915","post","type-post","status-publish","format-standard","has-post-thumbnail","hentry","category-actual"],"_links":{"self":[{"href":"https:\/\/247stiri.ro\/index.php\/wp-json\/wp\/v2\/posts\/40915","targetHints":{"allow":["GET"]}}],"collection":[{"href":"https:\/\/247stiri.ro\/index.php\/wp-json\/wp\/v2\/posts"}],"about":[{"href":"https:\/\/247stiri.ro\/index.php\/wp-json\/wp\/v2\/types\/post"}],"replies":[{"embeddable":true,"href":"https:\/\/247stiri.ro\/index.php\/wp-json\/wp\/v2\/comments?post=40915"}],"version-history":[{"count":0,"href":"https:\/\/247stiri.ro\/index.php\/wp-json\/wp\/v2\/posts\/40915\/revisions"}],"wp:featuredmedia":[{"embeddable":true,"href":"https:\/\/247stiri.ro\/index.php\/wp-json\/wp\/v2\/media\/40916"}],"wp:attachment":[{"href":"https:\/\/247stiri.ro\/index.php\/wp-json\/wp\/v2\/media?parent=40915"}],"wp:term":[{"taxonomy":"category","embeddable":true,"href":"https:\/\/247stiri.ro\/index.php\/wp-json\/wp\/v2\/categories?post=40915"},{"taxonomy":"post_tag","embeddable":true,"href":"https:\/\/247stiri.ro\/index.php\/wp-json\/wp\/v2\/tags?post=40915"}],"curies":[{"name":"wp","href":"https:\/\/api.w.org\/{rel}","templated":true}]}}