{"id":40932,"date":"2025-03-20T08:44:58","date_gmt":"2025-03-20T08:44:58","guid":{"rendered":"https:\/\/247stiri.ro\/index.php\/2025\/03\/20\/surse-capitala-la-un-pas-de-faliment-dar-nicusor-dan-se-viseaza-presedintele-romaniei\/"},"modified":"2025-03-20T08:44:58","modified_gmt":"2025-03-20T08:44:58","slug":"surse-capitala-la-un-pas-de-faliment-dar-nicusor-dan-se-viseaza-presedintele-romaniei","status":"publish","type":"post","link":"https:\/\/247stiri.ro\/index.php\/2025\/03\/20\/surse-capitala-la-un-pas-de-faliment-dar-nicusor-dan-se-viseaza-presedintele-romaniei\/","title":{"rendered":"SURSE: Capitala, la un pas de FALIMENT, dar Nicu\u0219or Dan se viseaz\u0103 pre\u0219edintele Rom\u00e2niei"},"content":{"rendered":"<p>Fostul ministru de Finan\u021be Adrian C\u00e2ciu a atras recent aten\u021bia supra gestion\u0103rii p\u0103guboase a bugetului Capitalei \u0219i, implicit, a modului \u00een care s-au purtat discu\u021biile legate de investi\u021bii \u00een ultimii 5 ani de mandat ai lui Nicu\u0219or Dan.<\/p>\n<p>\u00centr-o disput\u0103 \u00een Parlament cu reprezentan\u021bii USR, acesta a lansat un atac dur la adresa primarului Capitalei, ar\u0103t\u00e2nd c\u0103 pretendentul la cea mai \u00eenalt\u0103 func\u021bie \u00een stat a gestionat extrem de defectuos fondurilor europene pentru Bucure\u0219ti, potrivit unor surse.<\/p>\n<p>Sunt foarte multe probleme pe care primarul general &#8211; cel care, de altfe, \u00ee\u0219i dore\u0219te s\u0103 ajung\u0103 \u00een locul fostului pre\u0219edinte Klaus Iohannis. Proiectul de buget, care a fost pus \u00een dezbatere public\u0103, nu este unul sustenabil \u0219i reprezint\u0103 un risc real de faliment pentru administra\u021bia local\u0103, spun acelea\u0219i surse.\u00a0<\/p>\n<p>Mai mult dec\u00e2t at\u00e2t, multe dintre problemele financiare ale Capitalei sunt detaliate \u00een rapoarte foarte importante ale Cur\u021bii de Conturi. S-au pierdut, printre altele, fonduri europene, s-au stabilit prejudicii uria\u0219e pe care municipalitatea &#8211; cea gestionat\u0103 de Nicu\u0219or Dan &#8211; a trebuit s\u0103 le achite. De asemenea, ar fi fost f\u0103cute cheltuieli la limita penalului pe care Nicu\u0219or Dan ar fi trebuit s\u0103 le explice.\u00a0<\/p>\n<p>Nicu\u0219or Dan ar fi acumulat datorii mai mari dec\u00e2t avea Gabriela Firea \u00een vremea \u00een care se afla la c\u00e2rma Prim\u0103riei Generale, investi\u021bii mult mai mici \u0219i fonduri europene ratate.\u00a0<\/p>\n<p>\u00a0<\/p>","protected":false},"excerpt":{"rendered":"<p>Fostul ministru de Finan\u021be Adrian C\u00e2ciu a atras recent aten\u021bia supra gestion\u0103rii p\u0103guboase a bugetului&hellip;<\/p>\n","protected":false},"author":0,"featured_media":40933,"comment_status":"open","ping_status":"open","sticky":false,"template":"","format":"standard","meta":{"footnotes":""},"categories":[2],"tags":[],"class_list":["post-40932","post","type-post","status-publish","format-standard","has-post-thumbnail","hentry","category-actual"],"_links":{"self":[{"href":"https:\/\/247stiri.ro\/index.php\/wp-json\/wp\/v2\/posts\/40932","targetHints":{"allow":["GET"]}}],"collection":[{"href":"https:\/\/247stiri.ro\/index.php\/wp-json\/wp\/v2\/posts"}],"about":[{"href":"https:\/\/247stiri.ro\/index.php\/wp-json\/wp\/v2\/types\/post"}],"replies":[{"embeddable":true,"href":"https:\/\/247stiri.ro\/index.php\/wp-json\/wp\/v2\/comments?post=40932"}],"version-history":[{"count":0,"href":"https:\/\/247stiri.ro\/index.php\/wp-json\/wp\/v2\/posts\/40932\/revisions"}],"wp:featuredmedia":[{"embeddable":true,"href":"https:\/\/247stiri.ro\/index.php\/wp-json\/wp\/v2\/media\/40933"}],"wp:attachment":[{"href":"https:\/\/247stiri.ro\/index.php\/wp-json\/wp\/v2\/media?parent=40932"}],"wp:term":[{"taxonomy":"category","embeddable":true,"href":"https:\/\/247stiri.ro\/index.php\/wp-json\/wp\/v2\/categories?post=40932"},{"taxonomy":"post_tag","embeddable":true,"href":"https:\/\/247stiri.ro\/index.php\/wp-json\/wp\/v2\/tags?post=40932"}],"curies":[{"name":"wp","href":"https:\/\/api.w.org\/{rel}","templated":true}]}}