{"id":40938,"date":"2025-03-20T08:45:00","date_gmt":"2025-03-20T08:45:00","guid":{"rendered":"https:\/\/247stiri.ro\/index.php\/2025\/03\/20\/cum-arata-anamaria-gavrila-la-20-de-ani-transformari-spectaculoase-ale-sefei-pot\/"},"modified":"2025-03-20T08:45:00","modified_gmt":"2025-03-20T08:45:00","slug":"cum-arata-anamaria-gavrila-la-20-de-ani-transformari-spectaculoase-ale-sefei-pot","status":"publish","type":"post","link":"https:\/\/247stiri.ro\/index.php\/2025\/03\/20\/cum-arata-anamaria-gavrila-la-20-de-ani-transformari-spectaculoase-ale-sefei-pot\/","title":{"rendered":"Cum ar\u0103ta Anamaria Gavril\u0103 la 20 de ani. Transform\u0103ri spectaculoase ale \u0219efei POT"},"content":{"rendered":"<p>N\u0103scut\u0103 pe 15 octombrie 1983, \u00een zodia Balan\u021b\u0103, la Deva, Anamaria Gavril\u0103 a intrat \u00een Parlament \u00een 2020 pe listele Alian\u021bei pentru Unirea Rom\u00e2nilor (AUR). \u00cen 2023, a decis s\u0103 p\u0103r\u0103seasc\u0103 partidul pentru a \u00eenfiin\u021ba Partidul Oamenilor Tineri (POT), care a sus\u021binut ulterior candidatura lui C\u0103lin Georgescu.<\/p>\n<p>\u201eP\u00e2n\u0103 \u00een 2020 nu am fost niciodat\u0103 \u00een politic\u0103 \u0219i nu am activat \u00een niciun fel de organiza\u021bie, nici m\u0103car \u00een studen\u021bie. Am, \u00eens\u0103, un sim\u021b foarte puternic dezvoltat pentru dreptate, corectitudine \u0219i treab\u0103 bine f\u0103cut\u0103. Am intrat \u00een arena politic\u0103 c\u00e2nd am realizat c\u0103 Deva are nevoie de toate aceste lucruri, candid\u00e2nd la func\u021bia de primar.\u00a0Din p\u0103cate, ora\u0219ul are o imagine de declin economic \u0219i social. Tinerii pleac\u0103 dup\u0103 liceu, popula\u021bia este \u00eemb\u0103tr\u00e2nit\u0103 \u0219i ora\u0219ul este plin de cl\u0103diri vacante sau neterminate, infrastructur\u0103 \u00eenvechit\u0103, s\u0103li de jocuri de noroc, case de amanet \u0219i magazine second-hand. Toate acestea reflect\u0103 starea real\u0103 a lucrurilor.\u00a0<a title=\"Anamaria Gavrila, lectie de corectitudine politica pentru Gigi Becali: Il incurajez sa-si faca partid, asa poate are mai putin timp sa-i critice pe altii\" href=\"https:\/\/www.realitatea.net\/stiri\/actual\/anamaria-gavrila-lectie-de-corectitudine-politica-pentru-gigi-becali-il-incurajez-sasi-faca-partid-asa-poate-are-mai-putin-timp-sai-critice-pe-altii_67d965f5437f63162655a843\">Anamaria Gavril\u0103, lec\u021bie de corectitudine politic\u0103 pentru Gigi Becali: \u00cel \u00eencurajez s\u0103-\u0219i fac\u0103 partid, a\u0219a poate are mai pu\u021bin timp s\u0103-i critice pe al\u021bii<\/a>\u00a0\u00cen iulie 2020 m-am \u00eentors acas\u0103, la Deva, unde m-am n\u0103scut \u0219i vreau s\u0103 r\u0103m\u00e2n!\u201d a scris Anamaria Gavril\u0103 \u00een biografia sa.\u00a0Pozele din urm\u0103 cu 20 de ani ne arat\u0103 o t\u00e2n\u0103r\u0103 vesel\u0103 \u0219i plin\u0103 de speran\u021b\u0103:<\/p>\n<p>Recent, Anamaria Gavril\u0103 a ales s\u0103 se retrag\u0103 din cursa pentru Cotroceni \u00een favoarea liderului AUR, George Simion:<\/p>\n<p>\u201eS-a luat hotararea ca impreuna sa-l sustinem pe cel care are cele mai multe sanse. Pentru ca George Simion are un partid mare in spatele sau, are o structura, noi toti trebuie sa trecem peste partid, asa cum a spus si domnul Calin Georgescu si sa sustinem aceasta miscare dandu-i toate sansele. Asadar, eu ma voi retrage ca sa nu apar pe buletinul de vot si ca sa nu se imparta voturile. Ne place, nu ne place, este un numar limitat de candidati pe care ii avem pe buletinul de vot si noi trebuie sa alegem cu sufletul si sa intelegem si sa respectam decizia lui Calin Georgescu, care a luat-o impreuna cu noi\u201d, a declarat Anamaria Gavrila la Realitatea Plus.\u00a0<\/p>\n\n<p>\u00cen ceea ce prive\u0219te declara\u021bia de avere, pre\u0219edinta POT, Anamaria Gavril\u0103, de\u021bine mai multe terenuri \u00een jude\u021bul Hunedoara, 3 intravilane \u0219i dou\u0103 agricole, toate \u00eensum\u00e2nd aproximativ 21.000 de metri p\u0103tra\u021bi. \u00cen declara\u021bia de avere a acesteia mai figureaz\u0103 dou\u0103 apartamente \u00een Hunedoara, de 74 \u0219i 26 de metri p\u0103tra\u021bi, \u0219i o cas\u0103 de 563 de metri p\u0103tra\u021bi tot \u00een acela\u0219i jude\u021b. \u0218efa POT conduce o Kia Kona electric\u0103, fabricat\u0103 \u00een 2021, iar \u00een depozitele bancare a str\u00e2ns 101.000 de euro \u0219i 12.296 de lei. \u00cen ceea ce prive\u0219te \u00eemprumuturile acordare \u00een nume personal, acestea se ridic\u0103 la 9.500 de euro, iar la capitolul datorii \u0219i credite figureaz\u0103 un credit de 18.205 euro. Anamaria Gavril\u0103 \u00eencaseaz\u0103 129.868 de lei anual de la Camera Deputa\u021bilor, o chirie pentru un apartament de 9.450 de lei anual \u0219i o rat\u0103 pe apartament de 14.224 de lei anual.<\/p>\n<p><a title=\"Zarurile au fost aruncate! George Simion, candidatul UNIC al suveranistilor pentru Cotroceni: Mesaj de forta si unitate - VIDEO\" href=\"https:\/\/www.realitatea.net\/stiri\/actual\/ziua-decisiva-simion-si-gavrila-anuntul-momentului-la-realitatea-plus_67daf517bb226975cf04a633\">Zarurile au fost aruncate! George Simion, candidatul UNIC al suverani\u0219tilor pentru Cotroceni: Mesaj de for\u021b\u0103 \u0219i unitate &#8211; VIDEO<\/a><\/p>","protected":false},"excerpt":{"rendered":"<p>N\u0103scut\u0103 pe 15 octombrie 1983, \u00een zodia Balan\u021b\u0103, la Deva, Anamaria Gavril\u0103 a intrat \u00een&hellip;<\/p>\n","protected":false},"author":0,"featured_media":40925,"comment_status":"open","ping_status":"open","sticky":false,"template":"","format":"standard","meta":{"footnotes":""},"categories":[2],"tags":[],"class_list":["post-40938","post","type-post","status-publish","format-standard","has-post-thumbnail","hentry","category-actual"],"_links":{"self":[{"href":"https:\/\/247stiri.ro\/index.php\/wp-json\/wp\/v2\/posts\/40938","targetHints":{"allow":["GET"]}}],"collection":[{"href":"https:\/\/247stiri.ro\/index.php\/wp-json\/wp\/v2\/posts"}],"about":[{"href":"https:\/\/247stiri.ro\/index.php\/wp-json\/wp\/v2\/types\/post"}],"replies":[{"embeddable":true,"href":"https:\/\/247stiri.ro\/index.php\/wp-json\/wp\/v2\/comments?post=40938"}],"version-history":[{"count":0,"href":"https:\/\/247stiri.ro\/index.php\/wp-json\/wp\/v2\/posts\/40938\/revisions"}],"wp:featuredmedia":[{"embeddable":true,"href":"https:\/\/247stiri.ro\/index.php\/wp-json\/wp\/v2\/media\/40925"}],"wp:attachment":[{"href":"https:\/\/247stiri.ro\/index.php\/wp-json\/wp\/v2\/media?parent=40938"}],"wp:term":[{"taxonomy":"category","embeddable":true,"href":"https:\/\/247stiri.ro\/index.php\/wp-json\/wp\/v2\/categories?post=40938"},{"taxonomy":"post_tag","embeddable":true,"href":"https:\/\/247stiri.ro\/index.php\/wp-json\/wp\/v2\/tags?post=40938"}],"curies":[{"name":"wp","href":"https:\/\/api.w.org\/{rel}","templated":true}]}}