{"id":40951,"date":"2025-03-20T09:45:38","date_gmt":"2025-03-20T09:45:38","guid":{"rendered":"https:\/\/247stiri.ro\/index.php\/2025\/03\/20\/revoltator-capitala-blocata-de-haosul-administrativ-nicusor-dan-preocupat-de-propria-i-cariera-politica\/"},"modified":"2025-03-20T09:45:38","modified_gmt":"2025-03-20T09:45:38","slug":"revoltator-capitala-blocata-de-haosul-administrativ-nicusor-dan-preocupat-de-propria-i-cariera-politica","status":"publish","type":"post","link":"https:\/\/247stiri.ro\/index.php\/2025\/03\/20\/revoltator-capitala-blocata-de-haosul-administrativ-nicusor-dan-preocupat-de-propria-i-cariera-politica\/","title":{"rendered":"Revolt\u0103tor! Capitala, blocat\u0103 de HAOSUL administrativ: Nicu\u0219or Dan, preocupat de propria-i carier\u0103 politic\u0103"},"content":{"rendered":"<p>\u00cen timp ce Prim\u0103ria Capitalei este aproape de colaps administrativ, datoriile sunt uria\u0219e \u0219i ne confrunt\u0103m cu termoficare deficitar\u0103 \u0219i cu lipsa de solu\u021bii pentru problemele bucure\u0219tenilor, Nicu\u0219or Dan viseaz\u0103 la pre\u0219edin\u021bia Rom\u00e2niei.\u00a0<\/p>\n<p>\u00cen loc s\u0103 se ocupe Capitalei, pentru c\u0103 Bucure\u0219tiul se confrunt\u0103 cu problemele de zi cu zi &#8211; primarul general \u00ee\u0219i face campanie electoral\u0103 \u0219i posteaz\u0103 \u00een fiecare zi pe re\u021belele de socializare filmule\u021be fie c\u00e2nd merge s\u0103 se tund\u0103, fie c\u00e2nd m\u0103n\u00e2nc\u0103 shaorma.\u00a0<\/p>\n<p>\u00cen tot acest timp, locuitorii Capitalei pl\u0103tesc \u00een continuare facturi uria\u0219e pentru servicii de care nu beneficiaz\u0103. Asta deoarece, \u00een continuare, sunt foarte multe blocuri \u00een Capital\u0103 care nu au ap\u0103 cald\u0103 \u0219i c\u0103ldur\u0103.\u00a0<\/p>","protected":false},"excerpt":{"rendered":"<p>\u00cen timp ce Prim\u0103ria Capitalei este aproape de colaps administrativ, datoriile sunt uria\u0219e \u0219i ne&hellip;<\/p>\n","protected":false},"author":0,"featured_media":40952,"comment_status":"open","ping_status":"open","sticky":false,"template":"","format":"standard","meta":{"footnotes":""},"categories":[3],"tags":[],"class_list":["post-40951","post","type-post","status-publish","format-standard","has-post-thumbnail","hentry","category-politica"],"_links":{"self":[{"href":"https:\/\/247stiri.ro\/index.php\/wp-json\/wp\/v2\/posts\/40951","targetHints":{"allow":["GET"]}}],"collection":[{"href":"https:\/\/247stiri.ro\/index.php\/wp-json\/wp\/v2\/posts"}],"about":[{"href":"https:\/\/247stiri.ro\/index.php\/wp-json\/wp\/v2\/types\/post"}],"replies":[{"embeddable":true,"href":"https:\/\/247stiri.ro\/index.php\/wp-json\/wp\/v2\/comments?post=40951"}],"version-history":[{"count":0,"href":"https:\/\/247stiri.ro\/index.php\/wp-json\/wp\/v2\/posts\/40951\/revisions"}],"wp:featuredmedia":[{"embeddable":true,"href":"https:\/\/247stiri.ro\/index.php\/wp-json\/wp\/v2\/media\/40952"}],"wp:attachment":[{"href":"https:\/\/247stiri.ro\/index.php\/wp-json\/wp\/v2\/media?parent=40951"}],"wp:term":[{"taxonomy":"category","embeddable":true,"href":"https:\/\/247stiri.ro\/index.php\/wp-json\/wp\/v2\/categories?post=40951"},{"taxonomy":"post_tag","embeddable":true,"href":"https:\/\/247stiri.ro\/index.php\/wp-json\/wp\/v2\/tags?post=40951"}],"curies":[{"name":"wp","href":"https:\/\/api.w.org\/{rel}","templated":true}]}}