{"id":40958,"date":"2025-03-20T09:45:41","date_gmt":"2025-03-20T09:45:41","guid":{"rendered":"https:\/\/247stiri.ro\/index.php\/2025\/03\/20\/administratia-trump-ia-in-calcul-renuntarea-la-comanda-nato-in-europa-ce-inseamna-asta-pentru-viitorul-aliantei-militare-generalul-virgil-balaceanu-explica\/"},"modified":"2025-03-20T09:45:41","modified_gmt":"2025-03-20T09:45:41","slug":"administratia-trump-ia-in-calcul-renuntarea-la-comanda-nato-in-europa-ce-inseamna-asta-pentru-viitorul-aliantei-militare-generalul-virgil-balaceanu-explica","status":"publish","type":"post","link":"https:\/\/247stiri.ro\/index.php\/2025\/03\/20\/administratia-trump-ia-in-calcul-renuntarea-la-comanda-nato-in-europa-ce-inseamna-asta-pentru-viitorul-aliantei-militare-generalul-virgil-balaceanu-explica\/","title":{"rendered":"Administra\u021bia Trump ia \u00een calcul renun\u021barea la comanda NATO \u00een Europa. Ce \u00eenseamn\u0103 asta pentru viitorul alian\u021bei militare &#8211; Generalul Virgil B\u0103l\u0103ceanu explic\u0103"},"content":{"rendered":"<p>Conform unor surse din Pentagon, citate de NBC News, administra\u021bia Trump ia \u00een considerare renun\u021barea la comanda NATO \u00een Europa.<\/p>\n<p>Aceast\u0103 posibil\u0103 schimbare vine dup\u0103 o lung\u0103 tradi\u021bie de aproape 75 de ani, \u00een care Statele Unite au jucat un rol central \u00een conducerea Alian\u021bei Nord-Atlantice, \u00een special prin pozi\u021bia de comandant suprem al NATO \u00een Europa, o responsabilitate care a fost \u00eentotdeauna de\u021binut\u0103 de un general american. Dac\u0103 aceast\u0103 decizie se va concretiza, ar marca nu doar o ajustare administrativ\u0103, ci \u0219i o mutare simbolic\u0103 semnificativ\u0103, care ar putea influen\u021ba percep\u021bia interna\u021bional\u0103 asupra angajamentului american fa\u021b\u0103 de securitatea european\u0103.<\/p>\n<p><a title=\"Putin a ordonat doborarea propriilor drone, in timp ce vorbea cu Trump. Armata a executat ordinul fara ezitare\" href=\"https:\/\/www.realitatea.net\/stiri\/actual\/putin-a-ordonat-doborarea-propriilor-drone-in-timp-ce-vorbea-cu-donald-trump-armata-a-executat-ordinul-fara-ezitare_67dac2dd55b5350b927dd9c2\">Putin a ordonat dobor\u00e2rea propriilor drone, \u00een timp ce vorbea cu Trump. Armata a executat ordinul f\u0103r\u0103 ezitare<\/a><\/p>\n<p>Renun\u021barea de c\u0103tre Statele Unite la rolul de SACEUR ar putea provoca reac\u021bii diverse \u00een r\u00e2ndul alia\u021bilor NATO, gener\u00e2nd \u00eentreb\u0103ri despre viitorul alian\u021bei \u0219i despre angajamentele de ap\u0103rare colectiv\u0103. \u00cen contextul unei lumi tot mai complexe \u0219i provocatoare, unde amenin\u021b\u0103rile emergente \u0219i rivalit\u0103\u021bile geopolitice devin din ce \u00een ce mai pronun\u021bate, o astfel de schimbare ar putea sublinia o reorientare a strategiei americane \u00een Europa.<\/p>\n<p>\u201ePentru Statele Unite, renun\u021barea la rolul de comandant suprem aliat al NATO ar fi v\u0103zut\u0103 \u00een Europa ca un semnal semnificativ de \u00eendep\u0103rtare de alian\u021b\u0103\u201d, a declarat \u00eentr-un e-mail amiralul \u00een retragere James Stavridis, care a fost SACEUR \u0219i \u0219eful Comandamentului European din 2009 p\u00e2n\u0103 \u00een 2013.<\/p>\n<p>Generalul \u00een rezerv\u0103 Virgil B\u0103l\u0103ceanu, pre\u0219edintele de onoare al Asocia\u021biei Ofi\u021berilor \u00een Rezerv\u0103 din Rom\u00e2nia, a explicat la Realitatea Plus ce \u00eenseamn\u0103 aceast\u0103 mutare pe scena politic\u0103 \u0219i militar\u0103 interna\u021bional\u0103:<\/p>\n<p>\u201eS\u0103 vedem \u00een dimensiunea dezangaj\u0103rii americane din Europa, dezangajarea ne\u00eensemn\u00e2nd faptul c\u0103 se retrag \u00een totalitate americanii din Europa. Cre\u0219terea bugetelor ap\u0103r\u0103rii ale statelor din Europa este deja o dimensiune care vine dinspre Trump, dar deja este decis\u0103 la nivelul Comisiei Europene. Plec\u0103m \u00eens\u0103 de la urm\u0103toarea realitate: Din 2014, la nivel NATO, s-a recomandat aceast\u0103 cre\u0219tere a bugetelor la 2%, la ora actual\u0103 din cei 32 de membri, \u00eenc\u0103 9 nu au ajuns la 2%. Sigur, num\u0103r\u0103m aici \u0219i Canada, sunt \u00eenc\u0103 8 state membre NATO din Europa care nu au ajuns la 2%\u201d, a spus B\u0103l\u0103ceanu.<\/p>\n<p>\u00centrebarea care se pune \u00een situa\u021bia \u00een care SUA ar renun\u021ba \u00eentr-adev\u0103r la comanda NATO este: cine ar putea s\u0103 \u00eenlocuiasc\u0103 aceast\u0103 prezen\u021b\u0103 \u00een cadrul alian\u021bei militare?<\/p>\n<p><a title='Ce a vorbit Trump cu Zelenski, la o zi dupa telefonul cu Putin: ,,Suntem pe drumul cle bun\"' href=\"https:\/\/www.realitatea.net\/stiri\/actual\/ce-a-vorbit-trump-cu-zeleski-la-o-zi-dupa-telefonul-cu-putin-suntem-pe-drumul-cle-bun_67daf3d26afcf369f57a2ed2\">Ce a vorbit Trump cu Zelenski, la o zi dup\u0103 telefonul cu Putin: \u201eSuntem pe drumul cle bun\u201d<\/a><\/p>\n<p>\u201eUn general din afara SUA, pentru c\u0103 la ora actual\u0103 sub cartierul general NATO sunt dou\u0103 comandamente strategice. Este comandamentul aliat \u0219i comandamentul pentru transformare din SUA. Comandamentul pentru transformare din SUA este condus de un general francez, iar comandamentul suprem aliat din Europa este condus de un general american, care este \u00een acela\u0219i timp \u0219i comandant al for\u021belor americane din Europa. Loc\u021biitorul acestui comandant al for\u021belor aliate din Europa este un general englez. Sigur c\u0103 se poate prelua, asta \u00eenseamn\u0103 \u0219i o discu\u021bie la nivel NATO, pentru c\u0103 aici \u00eenseamn\u0103 c\u0103 un anumit stat, poate fi Marea Britanie, poate fi un alt stat, s\u0103 \u00ee\u0219i asume comanda acestui comandament\u201d, a mai spus Virgil B\u0103l\u0103ceanu.<\/p>\n<p>\u00cen ceea ce prive\u0219te posibilitatea unei eventuale reveniri asupra acestei decizii \u0219i s\u0103 avem \u00een continuare un general american, Virgil B\u0103l\u0103ceanu a spus:<\/p>\n<p>\u201ePosibil s\u0103 se revin\u0103 asupra acestei idei, dar \u00een condi\u021biile \u00een care ea s-ar materializa, nu ar avea ni\u0219te consecin\u021be directe asupra capabilit\u0103\u021bilor NATO, \u00eens\u0103 capabilit\u0103\u021bile NATO trebuie s\u0103 le dezvolt\u0103m mult mai mult pe pilonul european al NATO, f\u0103r\u0103 doar \u0219i poate.\u201d<\/p>\n<p>Cu privire la posibilitatea ca toate aceste informa\u021bii s\u0103 fie de fapt pentru c\u0103 SUA acum, sub comanda lui Donald Trump, \u00ee\u0219i doresc o mai mare apropiere de Rusia, din punct de vedere al unui parteneriat, generalul rom\u00e2n a spus:<\/p>\n<p>\u201eNu neap\u0103rat aceast\u0103 apropiere de Rusia, care ar deveni periculoas\u0103 \u00een sensul capitul\u0103rii Ucrainei. \u00cen acela\u0219i timp, creeaz\u0103 o situa\u021bie pozitiv\u0103 de altfel, cu costuri mai mari, \u00eens\u0103, de asumare a ap\u0103r\u0103rii europene pe pilonul european al NATO. Este greu s\u0103 credem a\u0219a ceva. Nu cred c\u0103 Putin vede SUA ca viitor aliat. Putin nu face altceva dec\u00e2t s\u0103 speculeze ceea ce a anun\u021bat de mai mult timp Trump c\u0103 va face ca r\u0103zboiul din Ucraina s\u0103 \u00eenceteze, f\u0103r\u0103 s\u0103 ia \u00een considerare consecin\u021bele legate de precondi\u021biile pe care le pune Rusia. Ele duc la capitularea Ucrainei\u201d, a conchis Virgil B\u0103l\u0103ceanu.<\/p>\n<p><a title=\"Ilie Bolojan merge la Consiliul European de la Bruxelles.  Cum se va implica Romania in razboiul de la granita\" href=\"https:\/\/www.realitatea.net\/stiri\/actual\/ilie-bolojan-merge-la-consiliul-european-de-la-bruxelles-cum-se-va-implica-romania-in-razboiul-de-la-granita_67dbc641656cdb398f6910c6\">Ilie Bolojan merge la Consiliul European de la Bruxelles. Cum se va implica Rom\u00e2nia \u00een r\u0103zboiul de la grani\u021b\u0103<\/a><\/p>\n<p>\u00a0<\/p>","protected":false},"excerpt":{"rendered":"<p>Conform unor surse din Pentagon, citate de NBC News, administra\u021bia Trump ia \u00een considerare renun\u021barea&hellip;<\/p>\n","protected":false},"author":0,"featured_media":40954,"comment_status":"open","ping_status":"open","sticky":false,"template":"","format":"standard","meta":{"footnotes":""},"categories":[2],"tags":[],"class_list":["post-40958","post","type-post","status-publish","format-standard","has-post-thumbnail","hentry","category-actual"],"_links":{"self":[{"href":"https:\/\/247stiri.ro\/index.php\/wp-json\/wp\/v2\/posts\/40958","targetHints":{"allow":["GET"]}}],"collection":[{"href":"https:\/\/247stiri.ro\/index.php\/wp-json\/wp\/v2\/posts"}],"about":[{"href":"https:\/\/247stiri.ro\/index.php\/wp-json\/wp\/v2\/types\/post"}],"replies":[{"embeddable":true,"href":"https:\/\/247stiri.ro\/index.php\/wp-json\/wp\/v2\/comments?post=40958"}],"version-history":[{"count":0,"href":"https:\/\/247stiri.ro\/index.php\/wp-json\/wp\/v2\/posts\/40958\/revisions"}],"wp:featuredmedia":[{"embeddable":true,"href":"https:\/\/247stiri.ro\/index.php\/wp-json\/wp\/v2\/media\/40954"}],"wp:attachment":[{"href":"https:\/\/247stiri.ro\/index.php\/wp-json\/wp\/v2\/media?parent=40958"}],"wp:term":[{"taxonomy":"category","embeddable":true,"href":"https:\/\/247stiri.ro\/index.php\/wp-json\/wp\/v2\/categories?post=40958"},{"taxonomy":"post_tag","embeddable":true,"href":"https:\/\/247stiri.ro\/index.php\/wp-json\/wp\/v2\/tags?post=40958"}],"curies":[{"name":"wp","href":"https:\/\/api.w.org\/{rel}","templated":true}]}}