{"id":40965,"date":"2025-03-20T10:44:56","date_gmt":"2025-03-20T10:44:56","guid":{"rendered":"https:\/\/247stiri.ro\/index.php\/2025\/03\/20\/lasconi-mizeaza-pe-presedintele-provizoriu-ca-sa-ia-voturi-cum-se-contrazice-in-declaratii-sefa-rezistilor\/"},"modified":"2025-03-20T10:44:56","modified_gmt":"2025-03-20T10:44:56","slug":"lasconi-mizeaza-pe-presedintele-provizoriu-ca-sa-ia-voturi-cum-se-contrazice-in-declaratii-sefa-rezistilor","status":"publish","type":"post","link":"https:\/\/247stiri.ro\/index.php\/2025\/03\/20\/lasconi-mizeaza-pe-presedintele-provizoriu-ca-sa-ia-voturi-cum-se-contrazice-in-declaratii-sefa-rezistilor\/","title":{"rendered":"Lasconi mizeaz\u0103 pe pre\u0219edintele provizoriu ca s\u0103 ia voturi: cum se contrazice \u00een declara\u021bii \u0219efa rezi\u0219tilor"},"content":{"rendered":"<p>Elena Lasconi d\u0103 dovad\u0103, din nou, de incoeren\u021b\u0103: \u201eLa mine e certitudine, dac\u0103 voi ajunge pre\u0219edintele Rom\u00e2niei, Ilie Bolojan va fi premier\u201d, a declarat lidera rezi\u0219tilor.<\/p>\n<p><a href=\"https:\/\/www.realitatea.net\/stiri\/politica\/reper-cere-usr-so-retraga-pe-lasconi-din-cursa-prezidentiala-si-sal-sustina-pe-nicusor-dan_67d974aa2e63340021264379#google_vignette\" target=\"_blank\">REPER cere USR s-o retrag\u0103 pe Lasconi din cursa preziden\u021bial\u0103 \u0219i s\u0103-l sus\u021bin\u0103 pe Nicu\u0219or Dan<\/a><\/p>\n<p>Chiar \u0219i a\u0219a, \u00een luna decembrie, Lasconi avea o alt\u0103 viziune. Dup\u0103 alegerile parlamentare, nu doar c\u0103 nici nu preciza numele lui Bolojan, dar vedea varianta \u00een care premierul \u021b\u0103rii putea proveni din partidul PSD sau chiar s\u0103 fie tehnocrat.\u00a0<\/p>","protected":false},"excerpt":{"rendered":"<p>Elena Lasconi d\u0103 dovad\u0103, din nou, de incoeren\u021b\u0103: \u201eLa mine e certitudine, dac\u0103 voi ajunge&hellip;<\/p>\n","protected":false},"author":0,"featured_media":40966,"comment_status":"open","ping_status":"open","sticky":false,"template":"","format":"standard","meta":{"footnotes":""},"categories":[3],"tags":[],"class_list":["post-40965","post","type-post","status-publish","format-standard","has-post-thumbnail","hentry","category-politica"],"_links":{"self":[{"href":"https:\/\/247stiri.ro\/index.php\/wp-json\/wp\/v2\/posts\/40965","targetHints":{"allow":["GET"]}}],"collection":[{"href":"https:\/\/247stiri.ro\/index.php\/wp-json\/wp\/v2\/posts"}],"about":[{"href":"https:\/\/247stiri.ro\/index.php\/wp-json\/wp\/v2\/types\/post"}],"replies":[{"embeddable":true,"href":"https:\/\/247stiri.ro\/index.php\/wp-json\/wp\/v2\/comments?post=40965"}],"version-history":[{"count":0,"href":"https:\/\/247stiri.ro\/index.php\/wp-json\/wp\/v2\/posts\/40965\/revisions"}],"wp:featuredmedia":[{"embeddable":true,"href":"https:\/\/247stiri.ro\/index.php\/wp-json\/wp\/v2\/media\/40966"}],"wp:attachment":[{"href":"https:\/\/247stiri.ro\/index.php\/wp-json\/wp\/v2\/media?parent=40965"}],"wp:term":[{"taxonomy":"category","embeddable":true,"href":"https:\/\/247stiri.ro\/index.php\/wp-json\/wp\/v2\/categories?post=40965"},{"taxonomy":"post_tag","embeddable":true,"href":"https:\/\/247stiri.ro\/index.php\/wp-json\/wp\/v2\/tags?post=40965"}],"curies":[{"name":"wp","href":"https:\/\/api.w.org\/{rel}","templated":true}]}}