{"id":40992,"date":"2025-03-20T11:46:36","date_gmt":"2025-03-20T11:46:36","guid":{"rendered":"https:\/\/247stiri.ro\/index.php\/2025\/03\/20\/george-simion-mesaj-de-forta-pentru-polul-suveranist-de-la-bruxelles-hai-sa-mergem-pana-la-capat\/"},"modified":"2025-03-20T11:46:36","modified_gmt":"2025-03-20T11:46:36","slug":"george-simion-mesaj-de-forta-pentru-polul-suveranist-de-la-bruxelles-hai-sa-mergem-pana-la-capat","status":"publish","type":"post","link":"https:\/\/247stiri.ro\/index.php\/2025\/03\/20\/george-simion-mesaj-de-forta-pentru-polul-suveranist-de-la-bruxelles-hai-sa-mergem-pana-la-capat\/","title":{"rendered":"George Simion, mesaj de for\u021b\u0103 pentru polul suveranist, de la Bruxelles: Hai s\u0103 mergem p\u00e2n\u0103 la cap\u0103t!"},"content":{"rendered":"<p>&#8222;Democra\u021bie? Momentan doar pe h\u00e2rtie! Hai s\u0103 mergem p\u00e2n\u0103 la cap\u0103t!!&#8221;, a transmis George Simion.\u00a0<\/p>","protected":false},"excerpt":{"rendered":"<p>&#8222;Democra\u021bie? Momentan doar pe h\u00e2rtie! Hai s\u0103 mergem p\u00e2n\u0103 la cap\u0103t!!&#8221;, a transmis George Simion.\u00a0<\/p>\n","protected":false},"author":0,"featured_media":40993,"comment_status":"open","ping_status":"open","sticky":false,"template":"","format":"standard","meta":{"footnotes":""},"categories":[3],"tags":[],"class_list":["post-40992","post","type-post","status-publish","format-standard","has-post-thumbnail","hentry","category-politica"],"_links":{"self":[{"href":"https:\/\/247stiri.ro\/index.php\/wp-json\/wp\/v2\/posts\/40992","targetHints":{"allow":["GET"]}}],"collection":[{"href":"https:\/\/247stiri.ro\/index.php\/wp-json\/wp\/v2\/posts"}],"about":[{"href":"https:\/\/247stiri.ro\/index.php\/wp-json\/wp\/v2\/types\/post"}],"replies":[{"embeddable":true,"href":"https:\/\/247stiri.ro\/index.php\/wp-json\/wp\/v2\/comments?post=40992"}],"version-history":[{"count":0,"href":"https:\/\/247stiri.ro\/index.php\/wp-json\/wp\/v2\/posts\/40992\/revisions"}],"wp:featuredmedia":[{"embeddable":true,"href":"https:\/\/247stiri.ro\/index.php\/wp-json\/wp\/v2\/media\/40993"}],"wp:attachment":[{"href":"https:\/\/247stiri.ro\/index.php\/wp-json\/wp\/v2\/media?parent=40992"}],"wp:term":[{"taxonomy":"category","embeddable":true,"href":"https:\/\/247stiri.ro\/index.php\/wp-json\/wp\/v2\/categories?post=40992"},{"taxonomy":"post_tag","embeddable":true,"href":"https:\/\/247stiri.ro\/index.php\/wp-json\/wp\/v2\/tags?post=40992"}],"curies":[{"name":"wp","href":"https:\/\/api.w.org\/{rel}","templated":true}]}}