{"id":40996,"date":"2025-03-20T11:46:37","date_gmt":"2025-03-20T11:46:37","guid":{"rendered":"https:\/\/247stiri.ro\/index.php\/2025\/03\/20\/grindeanu-ar-fi-de-acord-sa-existe-un-avion-al-statului-roman-dar-care-sa-nu-fie-doar-la-dispozitia-presedintelui-tarii\/"},"modified":"2025-03-20T11:46:37","modified_gmt":"2025-03-20T11:46:37","slug":"grindeanu-ar-fi-de-acord-sa-existe-un-avion-al-statului-roman-dar-care-sa-nu-fie-doar-la-dispozitia-presedintelui-tarii","status":"publish","type":"post","link":"https:\/\/247stiri.ro\/index.php\/2025\/03\/20\/grindeanu-ar-fi-de-acord-sa-existe-un-avion-al-statului-roman-dar-care-sa-nu-fie-doar-la-dispozitia-presedintelui-tarii\/","title":{"rendered":"Grindeanu ar fi de acord s\u0103 existe un avion al statului rom\u00e2n, dar care s\u0103 nu fie doar la dispozi\u0163ia pre\u015fedintelui \u0163\u0103rii"},"content":{"rendered":"<p>\u201dEu nu a\u015f fi de acord cu un avion preziden\u0163ial, dar a\u015f fi de acord cu un avion al statului rom\u00e2n. Nu cred c\u0103 un avion care s\u0103 fie doar la dispozi\u0163ia pre\u015fedintelui ne permitem \u015fi s\u0103 stea \u00een rest. Nu cred c\u0103 exist\u0103 \u0163ar\u0103 \u00een Uniunea European\u0103 s\u0103 nu aib\u0103 un avion oficial al statului, care s\u0103 fie folosit de prim-ministru, \u00een chestiuni oficiale care nu \u0163in neap\u0103rat de Guvern sau de pre\u015fedin\u0163ie. Eu cred c\u0103 da, asta ar fi o abordare corect\u0103. Nu exclusiv la pre\u015fedin\u0163ie. Asta e o treab\u0103 cu care n-a\u015f fi de acord. Dar \u015fi c\u00e2nd a fost prima oar\u0103 acest scandal, a ap\u0103rut prima oar\u0103 cu costurile fostului pre\u015fedinte, am spus acela\u015fi lucru\u201d, a afirmat, joi, Sorin Grindeanu.\u00a0<\/p>\n<p>El a criticat ceea ce a numit \u201dpopulisme ieftine\u201d de care dau dovad\u0103 unii politicieni.\u00a0\u201dEu cred c\u0103 populisme ieftine, cum v\u0103d c\u0103 \u00eencearc\u0103 unii, c\u0103 se duc \u015fi se filmeaz\u0103 cum se duc \u015fi stau la economic, dar dup\u0103 aia imediat se mut\u0103 la business, \u0103stea sunt populisme de doi lei. Dac\u0103 d\u0103m la o parte aceste chestiuni, eu cred c\u0103 oficial statul rom\u00e2n, statul rom\u00e2n, ar putea s\u0103 aib\u0103 a\u015fa ceva. Dar e p\u0103rerea mea, nu \u00eenseamn\u0103 c\u0103 decizia e la mine din acest punct de vedere. At\u00e2ta timp c\u00e2nd suntem \u00eentr-o zon\u0103 populist\u0103, nu vom putea s\u0103 facem lucrurile astea. \u015ei eu sper c\u0103, dup\u0103 alegeri, mai e un pic, avem un an de c\u00e2nd tot avem alegeri, dar eu sper c\u0103 dup\u0103 alegerile din mai s\u0103 putem s\u0103 intr\u0103m \u00eentr-o zon\u0103 de acest tip. Este dorin\u0163a mea asumat\u0103, normal\u0103, c\u00e2t se poate de european\u0103. Nu cred c\u0103 exist\u0103 o abordare mai corect\u0103. Dar repet, nu doar \u00eentr-un loc. Nu Administra\u0163ia Preziden\u0163ial\u0103 s\u0103 aib\u0103 un avion. Nu, nu cred c\u0103 e corect\u201d, a ad\u0103ugat Sorin Grindeanu.<\/p>\n<p>\u00a0<\/p>","protected":false},"excerpt":{"rendered":"<p>\u201dEu nu a\u015f fi de acord cu un avion preziden\u0163ial, dar a\u015f fi de acord&hellip;<\/p>\n","protected":false},"author":0,"featured_media":40997,"comment_status":"open","ping_status":"open","sticky":false,"template":"","format":"standard","meta":{"footnotes":""},"categories":[3],"tags":[],"class_list":["post-40996","post","type-post","status-publish","format-standard","has-post-thumbnail","hentry","category-politica"],"_links":{"self":[{"href":"https:\/\/247stiri.ro\/index.php\/wp-json\/wp\/v2\/posts\/40996","targetHints":{"allow":["GET"]}}],"collection":[{"href":"https:\/\/247stiri.ro\/index.php\/wp-json\/wp\/v2\/posts"}],"about":[{"href":"https:\/\/247stiri.ro\/index.php\/wp-json\/wp\/v2\/types\/post"}],"replies":[{"embeddable":true,"href":"https:\/\/247stiri.ro\/index.php\/wp-json\/wp\/v2\/comments?post=40996"}],"version-history":[{"count":0,"href":"https:\/\/247stiri.ro\/index.php\/wp-json\/wp\/v2\/posts\/40996\/revisions"}],"wp:featuredmedia":[{"embeddable":true,"href":"https:\/\/247stiri.ro\/index.php\/wp-json\/wp\/v2\/media\/40997"}],"wp:attachment":[{"href":"https:\/\/247stiri.ro\/index.php\/wp-json\/wp\/v2\/media?parent=40996"}],"wp:term":[{"taxonomy":"category","embeddable":true,"href":"https:\/\/247stiri.ro\/index.php\/wp-json\/wp\/v2\/categories?post=40996"},{"taxonomy":"post_tag","embeddable":true,"href":"https:\/\/247stiri.ro\/index.php\/wp-json\/wp\/v2\/tags?post=40996"}],"curies":[{"name":"wp","href":"https:\/\/api.w.org\/{rel}","templated":true}]}}