{"id":41003,"date":"2025-03-20T11:46:40","date_gmt":"2025-03-20T11:46:40","guid":{"rendered":"https:\/\/247stiri.ro\/index.php\/2025\/03\/20\/cacealmaua-justitiei-in-dosarele-lui-calin-georgescu-demascata-de-televiziunea-poporului-realitatea-plus\/"},"modified":"2025-03-20T11:46:40","modified_gmt":"2025-03-20T11:46:40","slug":"cacealmaua-justitiei-in-dosarele-lui-calin-georgescu-demascata-de-televiziunea-poporului-realitatea-plus","status":"publish","type":"post","link":"https:\/\/247stiri.ro\/index.php\/2025\/03\/20\/cacealmaua-justitiei-in-dosarele-lui-calin-georgescu-demascata-de-televiziunea-poporului-realitatea-plus\/","title":{"rendered":"Cacealmaua Justi\u021biei \u00een dosarele lui C\u0103lin Georgescu, demascat\u0103 de Televiziunea Poporului &#8211; Realitatea Plus"},"content":{"rendered":"<p>Realitatea Plus a prezentat dovada care arat\u0103 cacealmaua justi\u021biei cu dosarele lui Calin Georgescu. Surse apropiate anchetei deschise \u00eenainte ca CCR s\u0103 \u00eei blocheze candidatura acestuia au explicat pentru Realitatea c\u0103 dup\u0103 ce Georgescu a fost pus sub control judiciar nu s-a mai lucrat nimic \u00een investiga\u021bie. Adic\u0103 de aproape o luna s-a a\u0219ezat praful pe dosarul \u00een baza c\u0103ruia Calin Georgescu a fost s\u0103ltat din trafic \u0219i dus sub escorta la Parchet.<\/p>\n<p>La \u00eenceputul lunii februarie, Pachetul General a deschis 3 dosare \u00eempotriva fostului candidat la pre\u0219edin\u021bie, pentru acuza\u021bii foarte grave. La scurt tip, procurorul de caz Marius Iacob a fost reclamat la Inspec\u021bia Judiciar\u0103 pentru presupuse abuzuri comise \u00een anchet\u0103, iar sesiz\u0103rile \u00eempotriva sa sunt investigate.<\/p>\n<p>Din dara de 26 februarie, c\u00e2nd C\u0103lin Georgescu a fost plasat sub control judiciar pe o perioad\u0103 de 60 de zile, anchetatorii nu au mai f\u0103cut niciun demers, iar o serie de documente care au ajuns \u00een spa\u021biul public contureaz\u0103 \u0219i mia clar ideea c\u0103 nu exist\u0103 probe concrete pentru a sus\u021bine acuza\u021biile aduse celui mai popular lider politic al momentului.<\/p>\n<p>De altfel, \u00een referatul procurorilor nu este argumentat\u0103 cea mai grav\u0103 dintre cele 6 infrac\u021biuni.<\/p>\n<p>C\u0103lin Georgescu a afirmat, \u00eenc\u0103 de la deschiderea dosarelor \u00eempotriva sa, c\u0103 acestea sunt f\u0103cute la comand\u0103, iar sistemul juridic este folosit ca arm\u0103 \u00eempotriva politicienilor incomozi, arat\u0103 Realitatea Plus.<\/p>","protected":false},"excerpt":{"rendered":"<p>Realitatea Plus a prezentat dovada care arat\u0103 cacealmaua justi\u021biei cu dosarele lui Calin Georgescu. Surse&hellip;<\/p>\n","protected":false},"author":0,"featured_media":40995,"comment_status":"open","ping_status":"open","sticky":false,"template":"","format":"standard","meta":{"footnotes":""},"categories":[2],"tags":[],"class_list":["post-41003","post","type-post","status-publish","format-standard","has-post-thumbnail","hentry","category-actual"],"_links":{"self":[{"href":"https:\/\/247stiri.ro\/index.php\/wp-json\/wp\/v2\/posts\/41003","targetHints":{"allow":["GET"]}}],"collection":[{"href":"https:\/\/247stiri.ro\/index.php\/wp-json\/wp\/v2\/posts"}],"about":[{"href":"https:\/\/247stiri.ro\/index.php\/wp-json\/wp\/v2\/types\/post"}],"replies":[{"embeddable":true,"href":"https:\/\/247stiri.ro\/index.php\/wp-json\/wp\/v2\/comments?post=41003"}],"version-history":[{"count":0,"href":"https:\/\/247stiri.ro\/index.php\/wp-json\/wp\/v2\/posts\/41003\/revisions"}],"wp:featuredmedia":[{"embeddable":true,"href":"https:\/\/247stiri.ro\/index.php\/wp-json\/wp\/v2\/media\/40995"}],"wp:attachment":[{"href":"https:\/\/247stiri.ro\/index.php\/wp-json\/wp\/v2\/media?parent=41003"}],"wp:term":[{"taxonomy":"category","embeddable":true,"href":"https:\/\/247stiri.ro\/index.php\/wp-json\/wp\/v2\/categories?post=41003"},{"taxonomy":"post_tag","embeddable":true,"href":"https:\/\/247stiri.ro\/index.php\/wp-json\/wp\/v2\/tags?post=41003"}],"curies":[{"name":"wp","href":"https:\/\/api.w.org\/{rel}","templated":true}]}}