{"id":41020,"date":"2025-03-20T12:44:52","date_gmt":"2025-03-20T12:44:52","guid":{"rendered":"https:\/\/247stiri.ro\/index.php\/2025\/03\/20\/francezii-vor-primi-de-la-guvern-un-manual-de-supravietuire-in-situatii-de-criza-inclusiv-razboi-pe-teritoriul-tarii-sau-dezastre-naturale\/"},"modified":"2025-03-20T12:44:52","modified_gmt":"2025-03-20T12:44:52","slug":"francezii-vor-primi-de-la-guvern-un-manual-de-supravietuire-in-situatii-de-criza-inclusiv-razboi-pe-teritoriul-tarii-sau-dezastre-naturale","status":"publish","type":"post","link":"https:\/\/247stiri.ro\/index.php\/2025\/03\/20\/francezii-vor-primi-de-la-guvern-un-manual-de-supravietuire-in-situatii-de-criza-inclusiv-razboi-pe-teritoriul-tarii-sau-dezastre-naturale\/","title":{"rendered":"Francezii vor primi de la guvern un \u201emanual de supravie\u021buire\u201d \u00een situa\u021bii de criz\u0103, inclusiv r\u0103zboi pe teritoriul \u021b\u0103rii sau dezastre naturale"},"content":{"rendered":"<p>Ghidul detaliaz\u0103 toate \u201ebunele practici de adoptat \u00een cazul unei amenin\u021b\u0103ri iminente \u00een Fran\u021ba\u201d, a declarat o surs\u0103 guvernamental\u0103 pentru postului de radio\u00a0<a href=\"https:\/\/www.europe1.fr\/societe\/info-europe-1-un-manuel-de-survie-en-cas-de-guerre-ou-de-crise-va-etre-envoye-a-tous-les-foyers-francais-dici-a-cet-ete-668401\" target=\"_blank\">Europe 1,<\/a><\/p>\n<p>Informa\u021bia a fost confirmat\u0103 uletior chiar de o purt\u0103toare de cuv\u00e2nt a premierului Fran\u00e7ois Bayrou.<\/p>\n<p>\u201eManualul de supravie\u021buire urm\u0103re\u0219te s\u0103 \u00eencurajeze cet\u0103\u021benii s\u0103 \u00ee\u0219i dezvolte rezisten\u021ba \u00een fa\u021ba diferitelor crize. Asta include dezastre naturale, incidente tehnologice \u0219i cibernetice, crize de s\u0103n\u0103tate precum Covid-19 \u0219i crize de securitate precum atacuri teroriste \u0219i conflicte armate\u201d, a explicat aceasta.<\/p>\n\n<p>M\u0103suri similare au luat \u0219i alte \u021b\u0103ri occidentale, precum Suedia \u0219i Finlanda, aflate mult mai aproape de grani\u021ba cu Federa\u021bia Rus\u0103, \u021bar\u0103 perceput\u0103 ca o amenin\u021bare major\u0103 dup\u0103 escaladarea conflictului din Ucraina.<\/p>\n<p>\u00a0<\/p>","protected":false},"excerpt":{"rendered":"<p>Ghidul detaliaz\u0103 toate \u201ebunele practici de adoptat \u00een cazul unei amenin\u021b\u0103ri iminente \u00een Fran\u021ba\u201d, a&hellip;<\/p>\n","protected":false},"author":0,"featured_media":41021,"comment_status":"open","ping_status":"open","sticky":false,"template":"","format":"standard","meta":{"footnotes":""},"categories":[4],"tags":[],"class_list":["post-41020","post","type-post","status-publish","format-standard","has-post-thumbnail","hentry","category-extern"],"_links":{"self":[{"href":"https:\/\/247stiri.ro\/index.php\/wp-json\/wp\/v2\/posts\/41020","targetHints":{"allow":["GET"]}}],"collection":[{"href":"https:\/\/247stiri.ro\/index.php\/wp-json\/wp\/v2\/posts"}],"about":[{"href":"https:\/\/247stiri.ro\/index.php\/wp-json\/wp\/v2\/types\/post"}],"replies":[{"embeddable":true,"href":"https:\/\/247stiri.ro\/index.php\/wp-json\/wp\/v2\/comments?post=41020"}],"version-history":[{"count":0,"href":"https:\/\/247stiri.ro\/index.php\/wp-json\/wp\/v2\/posts\/41020\/revisions"}],"wp:featuredmedia":[{"embeddable":true,"href":"https:\/\/247stiri.ro\/index.php\/wp-json\/wp\/v2\/media\/41021"}],"wp:attachment":[{"href":"https:\/\/247stiri.ro\/index.php\/wp-json\/wp\/v2\/media?parent=41020"}],"wp:term":[{"taxonomy":"category","embeddable":true,"href":"https:\/\/247stiri.ro\/index.php\/wp-json\/wp\/v2\/categories?post=41020"},{"taxonomy":"post_tag","embeddable":true,"href":"https:\/\/247stiri.ro\/index.php\/wp-json\/wp\/v2\/tags?post=41020"}],"curies":[{"name":"wp","href":"https:\/\/api.w.org\/{rel}","templated":true}]}}