{"id":41028,"date":"2025-03-20T12:44:55","date_gmt":"2025-03-20T12:44:55","guid":{"rendered":"https:\/\/247stiri.ro\/index.php\/2025\/03\/20\/ilie-bolojan-a-avut-o-intalnire-cu-premierul-croatiei-ce-au-discutat-cei-doi-oficiali\/"},"modified":"2025-03-20T12:44:55","modified_gmt":"2025-03-20T12:44:55","slug":"ilie-bolojan-a-avut-o-intalnire-cu-premierul-croatiei-ce-au-discutat-cei-doi-oficiali","status":"publish","type":"post","link":"https:\/\/247stiri.ro\/index.php\/2025\/03\/20\/ilie-bolojan-a-avut-o-intalnire-cu-premierul-croatiei-ce-au-discutat-cei-doi-oficiali\/","title":{"rendered":"Ilie Bolojan a avut o \u00eent\u00e2lnire cu premierul Croa\u021biei. Ce au discutat cei doi oficiali"},"content":{"rendered":"<p>&#8216;Am discutat situa\u021bia din Balcanii de Vest \u0219i ac\u021biunile noastre coordonate, at\u00e2t la nivel bilateral, c\u00e2t \u0219i la nivelul UE, pentru a accelera procesul de extindere&#8217;, a scris Bolojan pe platforma X.Pre\u0219edintele interimar Ilie Bolojan s-a \u00eent\u00e2lnit, joi, \u00een marja summitului PPE, \u0219i cu premierul Greciei, Kyriakos Mitsotakis.Ilie Bolojan particip\u0103 la reuniunea Consiliului European de la Bruxelles.<\/p>\n<p>\u00cenainte de a participa la acest summit important, Bolojan a precizat c\u0103 la Consiliul European se vor discuta dou\u0103 subiecte, unul legat de competitivitate, iar al doilea legat de ap\u0103rarea european\u0103.<\/p>\n<p><a title=\" AUR, dupa desecretizarea zborurilor lui Iohannis: Bolojan mai are multe raspunsuri de dat. Va avea curaj?\" href=\"https:\/\/www.realitatea.net\/stiri\/politica\/aur-dupa-desecretizarea-zborurilor-lui-iohannis-bolojan-mai-are-multe-raspunsuri-de-dat-va-avea-curaj_67da8c123e26695fdb0756e8\">AUR, dup\u0103 desecretizarea zborurilor lui Iohannis: Bolojan mai are multe r\u0103spunsuri de dat. Va avea curaj?<\/a>\u201dAvem nevoie de o economie competitiv\u0103 pentru a oferi prosperitate cet\u0103\u021benilor europeni, pentru a crea slujbe mai bune pentru oameni \u0219i pentru a asigura dezvoltare \u00een viitor. Aici vor fi c\u00e2teva subiecte: partea de simplificare, partea de facilit\u0103\u021bi administrative pentru ca sarcinile companiilor s\u0103 fie mult mai sc\u0103zute fa\u021b\u0103 de ceea ce avem ast\u0103zi. Un alt subiect important este partea de energie, \u00een a\u0219a fel \u00eenc\u00e2t s\u0103 existe o energie mai ieftin\u0103 pentru familii \u0219i pentru companii \u0219i, de asemenea, o unificare a pie\u021belor de capital \u00een a\u0219a fel \u00eenc\u00e2t at\u00e2t creditele pe care le iau companiile, c\u00e2t \u0219i plasamentele financiare pe care le fac oamenii s\u0103 fie mai avantajoase pentru ei.<\/p>\n<p>Pe partea de ap\u0103rare, care este legat\u0103 de economia competitiv\u0103, se va discuta despre Ucraina, de asemenea, despre dezvoltarea industriei europene de ap\u0103rare \u00een a\u0219a fel \u00eenc\u00e2t \u00een afar\u0103 de cre\u0219terea cheltuielilor pe ap\u0103rare s\u0103 existe un efect economic favorabil prin dezvoltarea conglomeratelor de ap\u0103rare europene pentru a crea noi locuri de munc\u0103 \u00een economiile europene, pentru a dezvolta cercetarea \u0219i tehnologia. De asemenea, se va discuta despre Orientul Mijlociu\u201d, a spus Bolojan pentru Agerpres, \u00eenaintea reuniunii Consiliului European.\u00a0<\/p>\n<p><a title=\"Ilie Bolojan merge la Consiliul European de la Bruxelles.  Cum se va implica Romania in razboiul de la granita\" href=\"https:\/\/www.realitatea.net\/stiri\/actual\/ilie-bolojan-merge-la-consiliul-european-de-la-bruxelles-cum-se-va-implica-romania-in-razboiul-de-la-granita_67dbc641656cdb398f6910c6\">Ilie Bolojan merge la Consiliul European de la Bruxelles. Cum se va implica Rom\u00e2nia \u00een r\u0103zboiul de la grani\u021b\u0103<\/a><\/p>","protected":false},"excerpt":{"rendered":"<p>&#8216;Am discutat situa\u021bia din Balcanii de Vest \u0219i ac\u021biunile noastre coordonate, at\u00e2t la nivel bilateral,&hellip;<\/p>\n","protected":false},"author":0,"featured_media":41025,"comment_status":"open","ping_status":"open","sticky":false,"template":"","format":"standard","meta":{"footnotes":""},"categories":[2],"tags":[],"class_list":["post-41028","post","type-post","status-publish","format-standard","has-post-thumbnail","hentry","category-actual"],"_links":{"self":[{"href":"https:\/\/247stiri.ro\/index.php\/wp-json\/wp\/v2\/posts\/41028","targetHints":{"allow":["GET"]}}],"collection":[{"href":"https:\/\/247stiri.ro\/index.php\/wp-json\/wp\/v2\/posts"}],"about":[{"href":"https:\/\/247stiri.ro\/index.php\/wp-json\/wp\/v2\/types\/post"}],"replies":[{"embeddable":true,"href":"https:\/\/247stiri.ro\/index.php\/wp-json\/wp\/v2\/comments?post=41028"}],"version-history":[{"count":0,"href":"https:\/\/247stiri.ro\/index.php\/wp-json\/wp\/v2\/posts\/41028\/revisions"}],"wp:featuredmedia":[{"embeddable":true,"href":"https:\/\/247stiri.ro\/index.php\/wp-json\/wp\/v2\/media\/41025"}],"wp:attachment":[{"href":"https:\/\/247stiri.ro\/index.php\/wp-json\/wp\/v2\/media?parent=41028"}],"wp:term":[{"taxonomy":"category","embeddable":true,"href":"https:\/\/247stiri.ro\/index.php\/wp-json\/wp\/v2\/categories?post=41028"},{"taxonomy":"post_tag","embeddable":true,"href":"https:\/\/247stiri.ro\/index.php\/wp-json\/wp\/v2\/tags?post=41028"}],"curies":[{"name":"wp","href":"https:\/\/api.w.org\/{rel}","templated":true}]}}