{"id":41029,"date":"2025-03-20T12:44:56","date_gmt":"2025-03-20T12:44:56","guid":{"rendered":"https:\/\/247stiri.ro\/index.php\/2025\/03\/20\/galatiul-accelereaza-tranzitia-spre-mobilitate-electrica-159-de-noi-statii-de-incarcare-pentru-vehicule-electrice\/"},"modified":"2025-03-20T12:44:56","modified_gmt":"2025-03-20T12:44:56","slug":"galatiul-accelereaza-tranzitia-spre-mobilitate-electrica-159-de-noi-statii-de-incarcare-pentru-vehicule-electrice","status":"publish","type":"post","link":"https:\/\/247stiri.ro\/index.php\/2025\/03\/20\/galatiul-accelereaza-tranzitia-spre-mobilitate-electrica-159-de-noi-statii-de-incarcare-pentru-vehicule-electrice\/","title":{"rendered":"Gala\u021biul accelereaz\u0103 tranzi\u021bia spre mobilitate electric\u0103: 159 de noi sta\u021bii de \u00eenc\u0103rcare pentru vehicule electrice"},"content":{"rendered":"<p>Contractul are o valoare de 16,7 milioane de lei, este finan\u021bat prin Planul Na\u021bional de Redresare \u0219i Rezilien\u021b\u0103 (PNRR) \u0219i are un termen de execu\u021bie de 15 luni. Lucr\u0103rile vor fi derulate de compania Next Generation Technologies.<\/p>\n<p>\u00a0<\/p>\n<p>Investi\u021biile \u00een transportul urban din Gala\u021bi nu se limiteaz\u0103 la sta\u021biile de \u00eenc\u0103rcare pentru vehiculele personale electrice. Prim\u0103ria municipiului a achizi\u021bionat 42 de autobuze electrice, ce urmeaz\u0103 s\u0103 fie introduse pe traseele din ora\u0219, 10 tramvaie noi (dintre care patru sunt deja livrate) \u0219i, \u00een parteneriat cu Prim\u0103ria comunei V\u00e2n\u0103tori, va recep\u021biona \u00een cur\u00e2nd 10 microbuze electrice. De asemenea, flota existent\u0103 de troleibuze, tramvaie \u0219i autobuze hibrid contribuie deja la reducerea emisiilor \u0219i la cre\u0219terea atractivit\u0103\u021bii transportului public local.<\/p>\n\n<p>\u201eViitorul este electric. Ora\u0219ul nostru st\u0103 deja foarte bine la capitolul sta\u021bii de re\u00eenc\u0103rcare pentru ma\u0219inile electrice \u0219i trebuie s\u0103 continu\u0103m pe aceast\u0103 linie. \u00cencuraj\u0103m prin toate proiectele noastre un transport modern \u0219i prietenos cu mediul. De altfel, num\u0103rul de ma\u0219ini electrice \u0219i hibrid este \u00een cre\u0219tere la Gala\u021bi. La fel, noi am avut grij\u0103 s\u0103 aducem autobuze hibrid \u0219i electrice, pe l\u00e2ng\u0103 troleibuze \u0219i tramvaie, pentru transportul public \u00een comun\u201d, a declarat primarul municipiului Gala\u021bi, Ionu\u021b Pucheanu.<\/p>\n\n<p>\u00cen 2023, <a href=\"https:\/\/www.primariagalati.ro\/\">municipiul Gala\u021bi<\/a> a fost premiat cu trofeul \u201eBest Electric City\u201d, \u00een cadrul competi\u021biei \u201eBest Electric Car\u201d, derulat\u0103 \u00een parteneriat cu Ministerul Mediului. Distinc\u021bia a fost acordat\u0103 pentru programul activ de instalare a sta\u021biilor de \u00eenc\u0103rcare \u0219i pentru sus\u021binerea mobilit\u0103\u021bii electrice \u00een r\u00e2ndul popula\u021biei.<\/p>\n<p>\u00a0<\/p>\n<p>\u00cen municipiul Gala\u021bi sunt \u00eenregistrate 3.641 de ma\u0219ini hibrid \u0219i 603 sunt ma\u0219ini electrice. Cre\u0219terea num\u0103rului de astfel de vehicule vine \u00een contextul \u00een care tot mai mul\u021bi cet\u0103\u021beni aleg solu\u021bii de mobilitate mai prietenoase cu mediul, iar autorit\u0103\u021bile locale investesc \u00een facilit\u0103\u021bi care sprijin\u0103 aceast\u0103 tranzi\u021bie.<\/p>\n\n<p>Num\u0103rul tot mai mare de ma\u0219ini \u00eenregistrate \u00een ora\u0219ele din Rom\u00e2nia aduce provoc\u0103ri nu doar din perspectiva traficului sau a locurilor de parcare, ci mai ales \u00een ceea ce prive\u0219te calitatea aerului \u0219i protejarea mediului. Gala\u021biul se remarc\u0103 printr-o abordare integrat\u0103, care \u00eembin\u0103 dezvoltarea infrastructurii pentru transport public nepoluant cu sprijinirea mobilit\u0103\u021bii electrice individuale. Prin aceste m\u0103suri, Gala\u021biul \u00ee\u0219i consolideaz\u0103 pozi\u021bia \u00een topul ora\u0219elor care investesc \u00een sustenabilitate urban\u0103 \u0219i \u00een cre\u0219terea calit\u0103\u021bii vie\u021bii pentru cet\u0103\u021beni.<\/p>\n<p>\u00a0<\/p>\n<p>\u00a0<\/p>\n<p>\u00a0<\/p>","protected":false},"excerpt":{"rendered":"<p>Contractul are o valoare de 16,7 milioane de lei, este finan\u021bat prin Planul Na\u021bional de&hellip;<\/p>\n","protected":false},"author":0,"featured_media":41030,"comment_status":"open","ping_status":"open","sticky":false,"template":"","format":"standard","meta":{"footnotes":""},"categories":[2],"tags":[],"class_list":["post-41029","post","type-post","status-publish","format-standard","has-post-thumbnail","hentry","category-actual"],"_links":{"self":[{"href":"https:\/\/247stiri.ro\/index.php\/wp-json\/wp\/v2\/posts\/41029","targetHints":{"allow":["GET"]}}],"collection":[{"href":"https:\/\/247stiri.ro\/index.php\/wp-json\/wp\/v2\/posts"}],"about":[{"href":"https:\/\/247stiri.ro\/index.php\/wp-json\/wp\/v2\/types\/post"}],"replies":[{"embeddable":true,"href":"https:\/\/247stiri.ro\/index.php\/wp-json\/wp\/v2\/comments?post=41029"}],"version-history":[{"count":0,"href":"https:\/\/247stiri.ro\/index.php\/wp-json\/wp\/v2\/posts\/41029\/revisions"}],"wp:featuredmedia":[{"embeddable":true,"href":"https:\/\/247stiri.ro\/index.php\/wp-json\/wp\/v2\/media\/41030"}],"wp:attachment":[{"href":"https:\/\/247stiri.ro\/index.php\/wp-json\/wp\/v2\/media?parent=41029"}],"wp:term":[{"taxonomy":"category","embeddable":true,"href":"https:\/\/247stiri.ro\/index.php\/wp-json\/wp\/v2\/categories?post=41029"},{"taxonomy":"post_tag","embeddable":true,"href":"https:\/\/247stiri.ro\/index.php\/wp-json\/wp\/v2\/tags?post=41029"}],"curies":[{"name":"wp","href":"https:\/\/api.w.org\/{rel}","templated":true}]}}