{"id":41043,"date":"2025-03-20T13:45:11","date_gmt":"2025-03-20T13:45:11","guid":{"rendered":"https:\/\/247stiri.ro\/index.php\/2025\/03\/20\/un-sef-din-politia-mehedinti-a-sunat-la-112-dupa-ce-a-fost-amendat-de-un-coleg-si-l-a-reclamat-ca-ar-fi-drogat\/"},"modified":"2025-03-20T13:45:11","modified_gmt":"2025-03-20T13:45:11","slug":"un-sef-din-politia-mehedinti-a-sunat-la-112-dupa-ce-a-fost-amendat-de-un-coleg-si-l-a-reclamat-ca-ar-fi-drogat","status":"publish","type":"post","link":"https:\/\/247stiri.ro\/index.php\/2025\/03\/20\/un-sef-din-politia-mehedinti-a-sunat-la-112-dupa-ce-a-fost-amendat-de-un-coleg-si-l-a-reclamat-ca-ar-fi-drogat\/","title":{"rendered":"Un \u0219ef din Poli\u021bia Mehedin\u021bi a sunat la 112 dup\u0103 ce a fost amendat de un coleg \u0219i l-a reclamat c\u0103 ar fi drogat"},"content":{"rendered":"<p>Totul a pornit \u00een momentul \u00een care un comisar-\u0219ef \u00een cadrul Centrului Opera\u021bional al Inspectoratului de Poli\u021bie Jude\u021bean Mehedin\u021bi a fost oprit \u00een trafic de colegul s\u0103u \u0219i amendat pentru c\u0103 nu purta centura de siguran\u021b\u0103, scrie <a href=\"https:\/\/www.jurnalulolteniei.ro\/2025\/03\/19\/sef-din-politia-mehedinti-amendat-de-un-coleg-a-sunat-apoi-la-112-sa-spuna-ca-agentul-e-drogat\/\" target=\"_blank\">Jurnalul Olteniei.<\/a><\/p>\n<p>Potrivit unor surse, comisarul a sunat la 112 \u0219i a reclamat faptul c\u0103 cel care l-a oprit ar fi fost b\u0103ut \u0219i drogat. La fa\u021ba locului s-a deplasat un echipaj care i-a testat pe ambii poli\u021bi\u0219ti, iar rezultatele au fost negative.<\/p>\n<p>Pentru sanc\u021biunile legate de Codul Rutier, nepurtarea centurii de siguran\u021b\u0103 \u0219i foliile neomologate lipite pe geamurile lateral\u0103 fa\u021b\u0103, comisarul-\u0219ef a r\u0103mas f\u0103r\u0103 certificatul de \u00eenmatriculare al autoturismului.<\/p>\n<p>Poli\u021bistul a fost ulterior sanc\u021bionat \u0219i pentru c\u0103 a deranjat lini\u0219tea \u0219i normele de convie\u021buire social\u0103, iar la nivelul IPJ Mehedin\u021bi s-a deschis o anchet\u0103.<\/p>","protected":false},"excerpt":{"rendered":"<p>Totul a pornit \u00een momentul \u00een care un comisar-\u0219ef \u00een cadrul Centrului Opera\u021bional al Inspectoratului&hellip;<\/p>\n","protected":false},"author":0,"featured_media":41044,"comment_status":"open","ping_status":"open","sticky":false,"template":"","format":"standard","meta":{"footnotes":""},"categories":[2],"tags":[],"class_list":["post-41043","post","type-post","status-publish","format-standard","has-post-thumbnail","hentry","category-actual"],"_links":{"self":[{"href":"https:\/\/247stiri.ro\/index.php\/wp-json\/wp\/v2\/posts\/41043","targetHints":{"allow":["GET"]}}],"collection":[{"href":"https:\/\/247stiri.ro\/index.php\/wp-json\/wp\/v2\/posts"}],"about":[{"href":"https:\/\/247stiri.ro\/index.php\/wp-json\/wp\/v2\/types\/post"}],"replies":[{"embeddable":true,"href":"https:\/\/247stiri.ro\/index.php\/wp-json\/wp\/v2\/comments?post=41043"}],"version-history":[{"count":0,"href":"https:\/\/247stiri.ro\/index.php\/wp-json\/wp\/v2\/posts\/41043\/revisions"}],"wp:featuredmedia":[{"embeddable":true,"href":"https:\/\/247stiri.ro\/index.php\/wp-json\/wp\/v2\/media\/41044"}],"wp:attachment":[{"href":"https:\/\/247stiri.ro\/index.php\/wp-json\/wp\/v2\/media?parent=41043"}],"wp:term":[{"taxonomy":"category","embeddable":true,"href":"https:\/\/247stiri.ro\/index.php\/wp-json\/wp\/v2\/categories?post=41043"},{"taxonomy":"post_tag","embeddable":true,"href":"https:\/\/247stiri.ro\/index.php\/wp-json\/wp\/v2\/tags?post=41043"}],"curies":[{"name":"wp","href":"https:\/\/api.w.org\/{rel}","templated":true}]}}