{"id":41047,"date":"2025-03-20T13:45:13","date_gmt":"2025-03-20T13:45:13","guid":{"rendered":"https:\/\/247stiri.ro\/index.php\/2025\/03\/20\/crin-antonescu-il-da-in-vileag-pe-nicusor-dan-dintre-toate-prerogativele-presedintelui-a-spus-ca-numeste-procurori-ne-arata-ce-e-in-capul-celor-care-vor-sa-l-puna-presedinte\/"},"modified":"2025-03-20T13:45:13","modified_gmt":"2025-03-20T13:45:13","slug":"crin-antonescu-il-da-in-vileag-pe-nicusor-dan-dintre-toate-prerogativele-presedintelui-a-spus-ca-numeste-procurori-ne-arata-ce-e-in-capul-celor-care-vor-sa-l-puna-presedinte","status":"publish","type":"post","link":"https:\/\/247stiri.ro\/index.php\/2025\/03\/20\/crin-antonescu-il-da-in-vileag-pe-nicusor-dan-dintre-toate-prerogativele-presedintelui-a-spus-ca-numeste-procurori-ne-arata-ce-e-in-capul-celor-care-vor-sa-l-puna-presedinte\/","title":{"rendered":"Crin Antonescu \u00eel d\u0103 \u00een vileag pe Nicu\u015for Dan: Dintre toate prerogativele pre\u0219edintelui, a spus c\u0103 nume\u0219te procurori. Ne arat\u0103 ce\u00a0e \u00een capul celor care vor s\u0103-l pun\u0103 pre\u0219edinte"},"content":{"rendered":"<p>Crin Antonescu a declarat la D\u00e2mbovi\u0163a c\u0103 programul lui Nicu\u015for Dan e clar.<\/p>\n<p>\u201dDomnul Nicu\u015for Dan a vorbit dintre toate prerogativele pre\u015fedintelui despre una, cu prec\u0103dere, aceea c\u0103 nume\u015fte procurori. Procurorii au rolul lor.\u00a0\u00a0Dar faptul c\u0103 acest om ne spune nou\u0103, dintre toate prerogativele, dintre toate obliga\u0163iile, dintre toate \u015fansele unui pre\u015fedinte al Rom\u00e2niei c\u0103 poate face ceva mai mult cu \u0163ara asta, dintre toate ne vorbe\u015fte numai despre procurori, ne arat\u0103 foarte clar nu ce e \u00een capul domnului Nicu\u015for Dan, pentru c\u0103 acolo sunt multe lucruri respectabile, ecua\u0163ie, analiz\u0103 matematic\u0103, ci ce e \u00een capul celor care vor din nou s\u0103-l pun\u0103, pentru ca Rom\u00e2nia s\u0103 nu ias\u0103 din acest ciclu absurd \u00een care 20 de ani \u015fi-a tocat for\u0163ele \u00een lupte absurde interne\u201d, a mai declarat Antonescu, potrivit news.ro.<\/p>\n<p>\u201dProblema noastr\u0103 din punct de vedere electoral este domnul Nicu\u015for Dan, \u00eenc\u0103 o dat\u0103 o spun, ale c\u0103rui for\u0163e de sus\u0163inere, s\u0103 vorbim deocamdat\u0103 doar de cele interne, sunt aliniate, sunt v\u0103zute\u201d, a spus Crin Antonescu.<\/p>\n<p>El a mai amintit c\u0103 exact \u00een ziua \u00een care Dacian Ciolo\u015f era numit consilier preziden\u0163ial, partidul pe care l-a condus domnul Ciolo\u015f, REPER, d\u0103dea un comunicat \u00een care f\u0103cea apel la toat\u0103 lumea s\u0103 sus\u0163in\u0103 singurul candidat democrat, singura \u015fans\u0103 ca Rom\u00e2nia s\u0103 aib\u0103 un pre\u015fedinte democrat, adic\u0103 pe Nicu\u015for Dan.<\/p>\n<p>\u201dHopa, p\u00e2n\u0103 acum mai eram \u015fi noi democra\u0163i. Nu mai suntem. \u00cemi aduc aminte c\u0103 din 25, p\u00e2n\u0103 \u00een 1 decembrie, pe 2 decembrie, era o jale mare \u015fi o chel\u0103l\u0103ial\u0103 s\u0103 ias\u0103 domnul Ciolacu s\u0103 sus\u0163in\u0103 pe doamna Lasconi, atunci era democrat \u015fi domnul Ciolacu, PSD-ul s\u0103 voteze cu doamna Lasconi, atunci erau \u015fi PSD-i\u015ftii europeni, s\u0103 se fac\u0103 o coali\u0163ie pro-european\u0103, european\u0103, pro-occidental\u0103, atunci eram mai mul\u0163i democra\u0163i\u201d, a spus Antonescu.<\/p>\n<p>\u201dCine e, domnilor, urma\u015ful lui Iohannis? Eu sau domnul Nicu\u015for Dan? Deci asta este o chestiune pe care fiecare PSD-ist apt s\u0103 voteze \u015fi fiecare liberal apt s\u0103 voteze trebuie s\u0103 o g\u00e2ndeasc\u0103 \u015fi s\u0103 o c\u00e2nt\u0103reasc\u0103\u201d, a completat el.<\/p>","protected":false},"excerpt":{"rendered":"<p>Crin Antonescu a declarat la D\u00e2mbovi\u0163a c\u0103 programul lui Nicu\u015for Dan e clar. \u201dDomnul Nicu\u015for&hellip;<\/p>\n","protected":false},"author":0,"featured_media":41042,"comment_status":"open","ping_status":"open","sticky":false,"template":"","format":"standard","meta":{"footnotes":""},"categories":[2],"tags":[],"class_list":["post-41047","post","type-post","status-publish","format-standard","has-post-thumbnail","hentry","category-actual"],"_links":{"self":[{"href":"https:\/\/247stiri.ro\/index.php\/wp-json\/wp\/v2\/posts\/41047","targetHints":{"allow":["GET"]}}],"collection":[{"href":"https:\/\/247stiri.ro\/index.php\/wp-json\/wp\/v2\/posts"}],"about":[{"href":"https:\/\/247stiri.ro\/index.php\/wp-json\/wp\/v2\/types\/post"}],"replies":[{"embeddable":true,"href":"https:\/\/247stiri.ro\/index.php\/wp-json\/wp\/v2\/comments?post=41047"}],"version-history":[{"count":0,"href":"https:\/\/247stiri.ro\/index.php\/wp-json\/wp\/v2\/posts\/41047\/revisions"}],"wp:featuredmedia":[{"embeddable":true,"href":"https:\/\/247stiri.ro\/index.php\/wp-json\/wp\/v2\/media\/41042"}],"wp:attachment":[{"href":"https:\/\/247stiri.ro\/index.php\/wp-json\/wp\/v2\/media?parent=41047"}],"wp:term":[{"taxonomy":"category","embeddable":true,"href":"https:\/\/247stiri.ro\/index.php\/wp-json\/wp\/v2\/categories?post=41047"},{"taxonomy":"post_tag","embeddable":true,"href":"https:\/\/247stiri.ro\/index.php\/wp-json\/wp\/v2\/tags?post=41047"}],"curies":[{"name":"wp","href":"https:\/\/api.w.org\/{rel}","templated":true}]}}