{"id":41061,"date":"2025-03-20T14:45:20","date_gmt":"2025-03-20T14:45:20","guid":{"rendered":"https:\/\/247stiri.ro\/index.php\/2025\/03\/20\/avocatul-lui-bogdan-peschir-bogpr-au-facut-perchezitii-degeaba-bogdan-nici-nu-mai-sta-acolo\/"},"modified":"2025-03-20T14:45:20","modified_gmt":"2025-03-20T14:45:20","slug":"avocatul-lui-bogdan-peschir-bogpr-au-facut-perchezitii-degeaba-bogdan-nici-nu-mai-sta-acolo","status":"publish","type":"post","link":"https:\/\/247stiri.ro\/index.php\/2025\/03\/20\/avocatul-lui-bogdan-peschir-bogpr-au-facut-perchezitii-degeaba-bogdan-nici-nu-mai-sta-acolo\/","title":{"rendered":"Avocatul lui Bogdan Pe\u0219chir &#8222;bogpr&#8221;: Au f\u0103cut perchezi\u021bii degeaba, Bogdan nici nu mai st\u0103 acolo"},"content":{"rendered":"<p>Potrivit avocatului, toate probele au fost deja ridicate iar omul de afaceri nici nu mai locuie\u0219te \u00een prezent la acea adres\u0103.<\/p>\n<p>&#8222;Suntem surprin\u0219i c\u0103 ast\u0103zi nu mai po\u021bi s\u0103 te duci s\u0103 faci o perchezi\u021bie sa cau\u021bi \u00eentr-un loc nou pentru o acuza\u021bie de corupere a aleg\u0103torilor. Ce sa mai cau\u021bi ast\u0103zi c\u00e2nd Bogdan s-a mutat \u00eentr-o locuin\u021b\u0103 nou\u0103, c\u00e2nd toate dispozitivele sunt la organele de cercetare penala, vorbim de stickuri, laptopuri, hard disk-uri, absolut toate inclusiv telefonul s- a copiat integral.<\/p>\n<p>Toate aceste dispozitive sunt la organele de cercetare penal\u0103.<\/p>\n<p>Efectiv nu mai au ce s\u0103 g\u0103seasc\u0103 \u0219i nu se mai pune problema au f\u0103cut perchezi\u021biile le am stat la dispozi\u021bie a venit Bogdan de 2 luni de zile in fiecare zi la Bucure\u0219ti ca s\u0103 nu i se g\u0103seasc\u0103 nimic.<\/p>\n<p>Te duci acum \u0219i faci o alta perchezi\u021bie \u00een situa\u021bia in care el nu mai are nicio leg\u0103tur\u0103 cu unde a stat \u00eenainte,&#8221; a declarat avocatul Cristian S\u00e2rbu, \u00een exclusivitate la Realitatea Plus.<\/p>","protected":false},"excerpt":{"rendered":"<p>Potrivit avocatului, toate probele au fost deja ridicate iar omul de afaceri nici nu mai&hellip;<\/p>\n","protected":false},"author":0,"featured_media":41062,"comment_status":"open","ping_status":"open","sticky":false,"template":"","format":"standard","meta":{"footnotes":""},"categories":[2],"tags":[],"class_list":["post-41061","post","type-post","status-publish","format-standard","has-post-thumbnail","hentry","category-actual"],"_links":{"self":[{"href":"https:\/\/247stiri.ro\/index.php\/wp-json\/wp\/v2\/posts\/41061","targetHints":{"allow":["GET"]}}],"collection":[{"href":"https:\/\/247stiri.ro\/index.php\/wp-json\/wp\/v2\/posts"}],"about":[{"href":"https:\/\/247stiri.ro\/index.php\/wp-json\/wp\/v2\/types\/post"}],"replies":[{"embeddable":true,"href":"https:\/\/247stiri.ro\/index.php\/wp-json\/wp\/v2\/comments?post=41061"}],"version-history":[{"count":0,"href":"https:\/\/247stiri.ro\/index.php\/wp-json\/wp\/v2\/posts\/41061\/revisions"}],"wp:featuredmedia":[{"embeddable":true,"href":"https:\/\/247stiri.ro\/index.php\/wp-json\/wp\/v2\/media\/41062"}],"wp:attachment":[{"href":"https:\/\/247stiri.ro\/index.php\/wp-json\/wp\/v2\/media?parent=41061"}],"wp:term":[{"taxonomy":"category","embeddable":true,"href":"https:\/\/247stiri.ro\/index.php\/wp-json\/wp\/v2\/categories?post=41061"},{"taxonomy":"post_tag","embeddable":true,"href":"https:\/\/247stiri.ro\/index.php\/wp-json\/wp\/v2\/tags?post=41061"}],"curies":[{"name":"wp","href":"https:\/\/api.w.org\/{rel}","templated":true}]}}