{"id":41066,"date":"2025-03-20T14:45:22","date_gmt":"2025-03-20T14:45:22","guid":{"rendered":"https:\/\/247stiri.ro\/index.php\/2025\/03\/20\/tichete-de-vacanta-2025-guvernul-amana-normele-de-utilizare-ce-a-propus-ministrul-de-resort\/"},"modified":"2025-03-20T14:45:22","modified_gmt":"2025-03-20T14:45:22","slug":"tichete-de-vacanta-2025-guvernul-amana-normele-de-utilizare-ce-a-propus-ministrul-de-resort","status":"publish","type":"post","link":"https:\/\/247stiri.ro\/index.php\/2025\/03\/20\/tichete-de-vacanta-2025-guvernul-amana-normele-de-utilizare-ce-a-propus-ministrul-de-resort\/","title":{"rendered":"Tichete de vacan\u0163\u0103 2025 &#8211; Guvernul am\u00e2n\u0103 normele de utilizare. Ce a propus ministrul de resort?"},"content":{"rendered":"<p>Ministrul Economiei a fost \u00eentrebat c\u00e2nd ar putea fi gata normele de aplicare pentru tichetele de vacan\u0163\u0103.<\/p>\n<p>\u201d\u00cen cel mai scurt timp, s\u0103pt\u0103m\u00e2na viitoare o s\u0103 fie o \u00eent\u00e2lnire final\u0103, dup\u0103 ce colegii de la Ministerul Economiei \u015fi Digitaliz\u0103rii au dezb\u0103tut cu colegii din Ministerul de Finan\u0163e \u015fi cu toate structurile profesionale \u015fi cu companiile de eticheting\u201d, a anun\u0163at ministrul Economiei, dup\u0103 \u015fedin\u0163a de Guvern, citat de news.ro.<\/p>\n<p>Ivan a precizat c\u0103 va fi o formul\u0103 c\u00e2t mai simpl\u0103 pentru a se asigura c\u0103 oamenii s\u0103 nu-\u015fi piard\u0103 timpul cu tot felul de chichi\u021be birocratice pentru a dovedi c\u0103 s-au folosit de aceste instrumente. \u00centrebat cum vor fi acorda\u0163i banii, ministrul Bogdan Ivan a precizat c\u0103 sunt cel pu\u0163in dou\u0103 variante acum.<\/p>\n<p>\u201dCea mai apropiat\u0103 de fezabilitate, din punctul meu de vedere, dup\u0103 discu\u0163iile tehnice cu colegii mei e aceea \u00een care omul ajunge s\u0103-\u015fi pl\u0103teasc\u0103 sejurul, s\u0103 vin\u0103 cu factura c\u0103tre companie \u015fi ulterior la urm\u0103torul salariu s\u0103 primeasc\u0103 cei 800 de lei. Sunt \u015fi alte opinii care spun c\u0103 ar trebui s\u0103 fie f\u0103cut o formul\u0103 \u00een care s\u0103 se dea \u00een avans acei 800 de lei sub forma unor vouchere, care ulterior va trebui s\u0103 demonstreze angajatul c\u0103 a folosit acele vouchere\u201d, a mai spus ministrul Bogdan Ivan.<\/p>\n<p>\u00a0<\/p>\n<p>El a men\u0163ionat c\u0103 mecanismul ar putea s\u0103 produc\u0103 o anumit\u0103 nepl\u0103cere.<\/p>\n<p>\u201dCe e foarte important e faptul c\u0103 noi c\u0103ut\u0103m s\u0103 facem c\u00e2t mai simplu acest mecanism, nici s\u0103-i punem pe inspectorii ANAF s\u0103-i caute pe oameni dac\u0103 \u015fi-au depus sau nu facturile, nici s\u0103-i \u00eencurc\u0103m la nivelul \u00een care s\u0103 punem angajatorul s\u0103 verifice fiecare factur\u0103. A\u015fa c\u0103 mecanismul cel mai simplu va fi cel \u00een care omul arat\u0103 c\u0103 a f\u0103cut cheltuiala \u015fi luna viitoare intr\u0103 pe card 800 de lei\u201d, a mai spus Ivan.<\/p>","protected":false},"excerpt":{"rendered":"<p>Ministrul Economiei a fost \u00eentrebat c\u00e2nd ar putea fi gata normele de aplicare pentru tichetele&hellip;<\/p>\n","protected":false},"author":0,"featured_media":41067,"comment_status":"open","ping_status":"open","sticky":false,"template":"","format":"standard","meta":{"footnotes":""},"categories":[2],"tags":[],"class_list":["post-41066","post","type-post","status-publish","format-standard","has-post-thumbnail","hentry","category-actual"],"_links":{"self":[{"href":"https:\/\/247stiri.ro\/index.php\/wp-json\/wp\/v2\/posts\/41066","targetHints":{"allow":["GET"]}}],"collection":[{"href":"https:\/\/247stiri.ro\/index.php\/wp-json\/wp\/v2\/posts"}],"about":[{"href":"https:\/\/247stiri.ro\/index.php\/wp-json\/wp\/v2\/types\/post"}],"replies":[{"embeddable":true,"href":"https:\/\/247stiri.ro\/index.php\/wp-json\/wp\/v2\/comments?post=41066"}],"version-history":[{"count":0,"href":"https:\/\/247stiri.ro\/index.php\/wp-json\/wp\/v2\/posts\/41066\/revisions"}],"wp:featuredmedia":[{"embeddable":true,"href":"https:\/\/247stiri.ro\/index.php\/wp-json\/wp\/v2\/media\/41067"}],"wp:attachment":[{"href":"https:\/\/247stiri.ro\/index.php\/wp-json\/wp\/v2\/media?parent=41066"}],"wp:term":[{"taxonomy":"category","embeddable":true,"href":"https:\/\/247stiri.ro\/index.php\/wp-json\/wp\/v2\/categories?post=41066"},{"taxonomy":"post_tag","embeddable":true,"href":"https:\/\/247stiri.ro\/index.php\/wp-json\/wp\/v2\/tags?post=41066"}],"curies":[{"name":"wp","href":"https:\/\/api.w.org\/{rel}","templated":true}]}}