{"id":41076,"date":"2025-03-20T15:45:23","date_gmt":"2025-03-20T15:45:23","guid":{"rendered":"https:\/\/247stiri.ro\/index.php\/2025\/03\/20\/minoritatile-nationale-ajutate-mai-mult-de-guvern-fata-de-anul-trecut-motivul-pentru-care-primesc-mai-multi-bani-in-2025\/"},"modified":"2025-03-20T15:45:23","modified_gmt":"2025-03-20T15:45:23","slug":"minoritatile-nationale-ajutate-mai-mult-de-guvern-fata-de-anul-trecut-motivul-pentru-care-primesc-mai-multi-bani-in-2025","status":"publish","type":"post","link":"https:\/\/247stiri.ro\/index.php\/2025\/03\/20\/minoritatile-nationale-ajutate-mai-mult-de-guvern-fata-de-anul-trecut-motivul-pentru-care-primesc-mai-multi-bani-in-2025\/","title":{"rendered":"Minorit\u0103\u021bile na\u021bionale, ajutate mai mult de Guvern fa\u021b\u0103 de anul trecut. Motivul pentru care primesc mai mul\u021bi bani \u00een 2025"},"content":{"rendered":"<p>Astfel, a fost \u201dajustat\u0103 necesit\u0103\u0163ilor\u201d, a spus, la Palatul Victoria, purt\u0103torul de cuv\u00e2nt al Executivului, Mihai Constantin. El a fost \u00eentrebat, \u00eentr-o conferin\u0163\u0103 de pres\u0103, de ce a fost nevoie de o suplimentare de 27 de milioane de lei fa\u0163\u0103 de anul trecut a sumei alocate de Guvern \u00een 2025 pentru minorit\u0103\u0163ile na\u0163ionale, \u00een contextul \u00een care UDMR este un partid la guvernare.<\/p>\n<p>\u201dSunt 296 de milioane. (&#8230;) A\u0163i men\u0163ionat una dintre minorit\u0103\u0163ile na\u0163ionale, care este \u015fi reprezentat\u0103 separat, printr-o organiza\u0163ie politic\u0103, dar \u00een Rom\u00e2nia recunoa\u015ftem 20 de minorit\u0103\u0163i na\u0163ionale esen\u0163iale \u015fi \u0163ara noastr\u0103 este dat\u0103 ca exemplu de bun\u0103 practic\u0103 \u00een ceea ce prive\u015fte nu doar protejarea, dar \u015fi \u00eencurajarea p\u0103str\u0103rii identit\u0103\u0163ii minorit\u0103\u0163ilor na\u0163ionale recunoscute peste tot \u00een lume. Avem, a\u015fadar, 20 de minorit\u0103\u0163i na\u0163ionale. (&#8230;)<\/p>\n<p>Exist\u0103 Grupul minorit\u0103\u0163ilor na\u0163ionale (\u00een Parlament), care beneficiaz\u0103 de o finan\u0163are gestionat\u0103 de Secretariatul General al Guvernului pentru promovarea identit\u0103\u0163ii lor, inclusiv culturale. Suma, dac\u0103 e mare sau mic\u0103, acest comentariu nu mi-l permit, cred c\u0103 este o sum\u0103 ajustat\u0103 necesit\u0103\u0163ilor \u015fi \u00een urma unor consult\u0103ri care au avut loc\u201d, a declarat Mihai Constantin.<\/p>","protected":false},"excerpt":{"rendered":"<p>Astfel, a fost \u201dajustat\u0103 necesit\u0103\u0163ilor\u201d, a spus, la Palatul Victoria, purt\u0103torul de cuv\u00e2nt al Executivului,&hellip;<\/p>\n","protected":false},"author":0,"featured_media":41075,"comment_status":"open","ping_status":"open","sticky":false,"template":"","format":"standard","meta":{"footnotes":""},"categories":[2],"tags":[],"class_list":["post-41076","post","type-post","status-publish","format-standard","has-post-thumbnail","hentry","category-actual"],"_links":{"self":[{"href":"https:\/\/247stiri.ro\/index.php\/wp-json\/wp\/v2\/posts\/41076","targetHints":{"allow":["GET"]}}],"collection":[{"href":"https:\/\/247stiri.ro\/index.php\/wp-json\/wp\/v2\/posts"}],"about":[{"href":"https:\/\/247stiri.ro\/index.php\/wp-json\/wp\/v2\/types\/post"}],"replies":[{"embeddable":true,"href":"https:\/\/247stiri.ro\/index.php\/wp-json\/wp\/v2\/comments?post=41076"}],"version-history":[{"count":0,"href":"https:\/\/247stiri.ro\/index.php\/wp-json\/wp\/v2\/posts\/41076\/revisions"}],"wp:featuredmedia":[{"embeddable":true,"href":"https:\/\/247stiri.ro\/index.php\/wp-json\/wp\/v2\/media\/41075"}],"wp:attachment":[{"href":"https:\/\/247stiri.ro\/index.php\/wp-json\/wp\/v2\/media?parent=41076"}],"wp:term":[{"taxonomy":"category","embeddable":true,"href":"https:\/\/247stiri.ro\/index.php\/wp-json\/wp\/v2\/categories?post=41076"},{"taxonomy":"post_tag","embeddable":true,"href":"https:\/\/247stiri.ro\/index.php\/wp-json\/wp\/v2\/tags?post=41076"}],"curies":[{"name":"wp","href":"https:\/\/api.w.org\/{rel}","templated":true}]}}