{"id":41077,"date":"2025-03-20T15:45:24","date_gmt":"2025-03-20T15:45:24","guid":{"rendered":"https:\/\/247stiri.ro\/index.php\/2025\/03\/20\/trafic-ingreunat-pe-dn1-patru-masini-s-au-ciocnit-la-intrarea-in-localitatea-tileagd-din-bihor\/"},"modified":"2025-03-20T15:45:24","modified_gmt":"2025-03-20T15:45:24","slug":"trafic-ingreunat-pe-dn1-patru-masini-s-au-ciocnit-la-intrarea-in-localitatea-tileagd-din-bihor","status":"publish","type":"post","link":"https:\/\/247stiri.ro\/index.php\/2025\/03\/20\/trafic-ingreunat-pe-dn1-patru-masini-s-au-ciocnit-la-intrarea-in-localitatea-tileagd-din-bihor\/","title":{"rendered":"Trafic \u00eengreunat pe DN1. Patru ma\u0219ini s-au ciocnit la intrarea \u00een localitatea Tileagd din Bihor"},"content":{"rendered":"<p>Agentul-\u0219ef Alin Laza, ofi\u021ber de pres\u0103 al Poli\u021biei Bihor, a anun\u021bat c\u0103 \u00een jurul orei 15:25, patru <a href=\"https:\/\/www.realitatea.net\/stiri\/actual\/accident-grav-in-mioveni-o-persoana-a-fost-ranita-dupa-ce-doua-masini-sau-ciocnit-violent_67dc23505462880f7138f782\" target=\"_blank\">ma\u0219ini s-au ciocnit <\/a>violent, la intrarea \u00een localitatea Tileagd dinspre Oradea.\u00a0<\/p>\n<p>\u00cen urma impactului, o persoan\u0103 s-a ales cu mai multe leziuni \u0219i a fost investigat\u0103 medical la fa\u021ba locului de o echip\u0103 de medici.<\/p>\n<p>\u00a0\u201e\u00cen evenimentul rutier au fost implicate patru autovehicule. O persoan\u0103 este investigat\u0103 medical \u0219i prime\u0219te \u00eengrijiri la fa\u021ba locului\u201d, a declarat Alin Laza.<\/p>\n<p>La fa\u021ba locului au intervenit poli\u021bi\u0219tii Compartimentului Rutier Ale\u0219d care au \u00eenceput cercet\u0103rile pentru a afla circumstan\u021bele producerii accidentului.<\/p>\n<p>Din primele verific\u0103ri, coliziunea s-a produs din cauza nep\u0103str\u0103rii distan\u021bei \u00een mers, toate cele patru vehicule circul\u00e2nd pe aceea\u0219i band\u0103.<\/p>\n<p>Centrul Infotrafic a anun\u021bat c\u0103 traficul \u00een zon\u0103 a fost \u00eengreunat \u0219i timp de zeci de minute s-a desf\u0103\u0219urat alternativ, pe o singur\u0103 band\u0103. \u0218oferilor li s-a recomandat s\u0103 foloseasc\u0103 temporar rutele ocolitoare.<\/p>","protected":false},"excerpt":{"rendered":"<p>Agentul-\u0219ef Alin Laza, ofi\u021ber de pres\u0103 al Poli\u021biei Bihor, a anun\u021bat c\u0103 \u00een jurul orei&hellip;<\/p>\n","protected":false},"author":0,"featured_media":41078,"comment_status":"open","ping_status":"open","sticky":false,"template":"","format":"standard","meta":{"footnotes":""},"categories":[2],"tags":[],"class_list":["post-41077","post","type-post","status-publish","format-standard","has-post-thumbnail","hentry","category-actual"],"_links":{"self":[{"href":"https:\/\/247stiri.ro\/index.php\/wp-json\/wp\/v2\/posts\/41077","targetHints":{"allow":["GET"]}}],"collection":[{"href":"https:\/\/247stiri.ro\/index.php\/wp-json\/wp\/v2\/posts"}],"about":[{"href":"https:\/\/247stiri.ro\/index.php\/wp-json\/wp\/v2\/types\/post"}],"replies":[{"embeddable":true,"href":"https:\/\/247stiri.ro\/index.php\/wp-json\/wp\/v2\/comments?post=41077"}],"version-history":[{"count":0,"href":"https:\/\/247stiri.ro\/index.php\/wp-json\/wp\/v2\/posts\/41077\/revisions"}],"wp:featuredmedia":[{"embeddable":true,"href":"https:\/\/247stiri.ro\/index.php\/wp-json\/wp\/v2\/media\/41078"}],"wp:attachment":[{"href":"https:\/\/247stiri.ro\/index.php\/wp-json\/wp\/v2\/media?parent=41077"}],"wp:term":[{"taxonomy":"category","embeddable":true,"href":"https:\/\/247stiri.ro\/index.php\/wp-json\/wp\/v2\/categories?post=41077"},{"taxonomy":"post_tag","embeddable":true,"href":"https:\/\/247stiri.ro\/index.php\/wp-json\/wp\/v2\/tags?post=41077"}],"curies":[{"name":"wp","href":"https:\/\/api.w.org\/{rel}","templated":true}]}}