{"id":41081,"date":"2025-03-20T15:45:25","date_gmt":"2025-03-20T15:45:25","guid":{"rendered":"https:\/\/247stiri.ro\/index.php\/2025\/03\/20\/modificare-majora-la-voucherele-de-vacanta-in-2025-nu-toti-bugetarii-vor-primi-tichete\/"},"modified":"2025-03-20T15:45:25","modified_gmt":"2025-03-20T15:45:25","slug":"modificare-majora-la-voucherele-de-vacanta-in-2025-nu-toti-bugetarii-vor-primi-tichete","status":"publish","type":"post","link":"https:\/\/247stiri.ro\/index.php\/2025\/03\/20\/modificare-majora-la-voucherele-de-vacanta-in-2025-nu-toti-bugetarii-vor-primi-tichete\/","title":{"rendered":"Modificare major\u0103 la voucherele de vacan\u021b\u0103 \u00een 2025. Nu to\u021bi bugetarii vor primi tichete"},"content":{"rendered":"<p>Va fi o formul\u0103 c\u00e2t mai simpl\u0103 tocmai pentru a ne asigura c\u0103 oamenii ajung s\u0103 nu-\u0219i piard\u0103 timpul, a spus ministrul Economiei, Bogdan Ivan, joi, despre modalitatea de acordare a voucherelor de vacan\u021b\u0103.<\/p>\n<p>\u00centrebat c\u00e2nd ar putea fi gata normele de aplicare pentru tichetele de vacan\u021b\u0103, el a spus c\u0103 \u201e\u00een cel mai scurt timp, s\u0103pt\u0103m\u00e2na viitoare o s\u0103 fie o \u00eent\u00e2lnire final\u0103 dup\u0103 ce colegii de la Ministerul Economie \u0219i Digitaliz\u0103ri au dezb\u0103tut cu colegii din Ministerul de Finan\u021be \u0219i cu toate structurile profesionale \u0219i cu companiile de e-ticheting\u201d.<\/p>\n<p>\u201eEste evident c\u0103 e o modificare care \u00eent\u00e2mpin\u0103 anumite nepl\u0103ceri pentru c\u0103 nu vorbim direct de acele vouchere care se d\u0103deau efectiv \u0219i se consum\u0103. Va fi o formul\u0103 c\u00e2t mai simpl\u0103 tocmai pentru a ne asigura c\u0103 oamenii ajung s\u0103 nu-\u0219i piard\u0103 timpul atunci c\u00e2nd vorbim despre dovada faptului c\u0103 s-au folosit de aceste instrumente \u0219i automat pot s\u0103 dovedeasc\u0103 prin documente justificative c\u0103 au folosit voucherele \u0219i o s\u0103 primeasc\u0103 automat acei bani \u00eenapoi\u201d, a explicat Bogdan Ivan.<\/p>","protected":false},"excerpt":{"rendered":"<p>Va fi o formul\u0103 c\u00e2t mai simpl\u0103 tocmai pentru a ne asigura c\u0103 oamenii ajung&hellip;<\/p>\n","protected":false},"author":0,"featured_media":41069,"comment_status":"open","ping_status":"open","sticky":false,"template":"","format":"standard","meta":{"footnotes":""},"categories":[2],"tags":[],"class_list":["post-41081","post","type-post","status-publish","format-standard","has-post-thumbnail","hentry","category-actual"],"_links":{"self":[{"href":"https:\/\/247stiri.ro\/index.php\/wp-json\/wp\/v2\/posts\/41081","targetHints":{"allow":["GET"]}}],"collection":[{"href":"https:\/\/247stiri.ro\/index.php\/wp-json\/wp\/v2\/posts"}],"about":[{"href":"https:\/\/247stiri.ro\/index.php\/wp-json\/wp\/v2\/types\/post"}],"replies":[{"embeddable":true,"href":"https:\/\/247stiri.ro\/index.php\/wp-json\/wp\/v2\/comments?post=41081"}],"version-history":[{"count":0,"href":"https:\/\/247stiri.ro\/index.php\/wp-json\/wp\/v2\/posts\/41081\/revisions"}],"wp:featuredmedia":[{"embeddable":true,"href":"https:\/\/247stiri.ro\/index.php\/wp-json\/wp\/v2\/media\/41069"}],"wp:attachment":[{"href":"https:\/\/247stiri.ro\/index.php\/wp-json\/wp\/v2\/media?parent=41081"}],"wp:term":[{"taxonomy":"category","embeddable":true,"href":"https:\/\/247stiri.ro\/index.php\/wp-json\/wp\/v2\/categories?post=41081"},{"taxonomy":"post_tag","embeddable":true,"href":"https:\/\/247stiri.ro\/index.php\/wp-json\/wp\/v2\/tags?post=41081"}],"curies":[{"name":"wp","href":"https:\/\/api.w.org\/{rel}","templated":true}]}}