{"id":41085,"date":"2025-03-20T15:45:26","date_gmt":"2025-03-20T15:45:26","guid":{"rendered":"https:\/\/247stiri.ro\/index.php\/2025\/03\/20\/caz-halucinant-de-sclavie-in-cluj-doi-suspecti-au-fost-arestati-dupa-ce-au-obligat-doua-persoane-sa-munceasca-la-un-aprozar-una-dintre-victime-a-murit\/"},"modified":"2025-03-20T15:45:26","modified_gmt":"2025-03-20T15:45:26","slug":"caz-halucinant-de-sclavie-in-cluj-doi-suspecti-au-fost-arestati-dupa-ce-au-obligat-doua-persoane-sa-munceasca-la-un-aprozar-una-dintre-victime-a-murit","status":"publish","type":"post","link":"https:\/\/247stiri.ro\/index.php\/2025\/03\/20\/caz-halucinant-de-sclavie-in-cluj-doi-suspecti-au-fost-arestati-dupa-ce-au-obligat-doua-persoane-sa-munceasca-la-un-aprozar-una-dintre-victime-a-murit\/","title":{"rendered":"Caz halucinant de sclavie \u00een Cluj. Doi suspec\u021bi au fost aresta\u021bi dup\u0103 ce au obligat dou\u0103 persoane s\u0103 munceasc\u0103 la un aprozar. Una dintre victime a murit"},"content":{"rendered":"<p>Este vorba despre o femeie de 48 de ani \u0219i un b\u0103rbat \u00een v\u00e2rst\u0103 de 51 de ani care acum sunt cerceta\u021bi pentru trafic de persoane, dup\u0103 ce au profitat de vulnerabilitatea a doi oameni pe care i-au obligat prin violen\u021be fizice \u0219i psihice s\u0103 munceasc\u0103 pentru ei la un aprozar.\u00a0<\/p>\n<p>Potrivit reprezentan\u021bilor Poli\u021biei Rom\u00e2ne, prima victim\u0103, un b\u0103rbat de 61 de ani, a fost recrutat\u0103 \u00een anul 2022 \u0219i timp de doi ani a fost <a href=\"https:\/\/www.realitatea.net\/stiri\/actual\/ce-se-ascunde-in-spatele-rochiei-tale-de-numai-12-dolari-de-pe-shein-sclavia-si-mizeria-din-spatele-luxului-la-reducere_67880651ac9e1c769157c1c2\" target=\"_blank\">obligat\u0103 s\u0103 munceasc\u0103<\/a> \u00een condi\u021bii inumane p\u00e2n\u0103 c\u00e2nd a decedat.\u00a0<\/p>\n<p>Poli\u021bi\u0219tii Brig\u0103zii de Combatere a Criminalit\u0103\u0163ii Organizate Cluj-Napoca, cu sprijinul poli\u0163i\u015ftilor Sec\u0163iei Regionale de Poli\u0163ie Transporturi Cluj, \u00eempreun\u0103 cu procurorii Direc\u0163iei de Investigare a Infrac\u0163iunilor de Criminalitate Organizat\u0103 \u015fi Terorism &#8211; Serviciul Teritorial Cluj, au documentat activitatea infrac\u0163ional\u0103 a dou\u0103 persoane (un b\u0103rbat \u015fi o femeie, membri ai aceleia\u015fi familii), de 48 \u015fi 51 de ani, cercetate pentru trafic de persoane.<\/p>\n<p>\u201dDin actele de urm\u0103rire penal\u0103 efectuate \u00een cauz\u0103 a reie\u015fit c\u0103, \u00een anul 2022, persoanele cercetate, profit\u00e2nd de starea de vulnerabilitate a unei persoane v\u0103t\u0103mate (situa\u0163ie material\u0103 precar\u0103 \u015fi lipsa unor apar\u0163in\u0103tori), ar fi recrutat-o \u015fi ad\u0103postit-o dup\u0103 care, \u00een perioada 2022-2024, ar fi exploatat-o prin munc\u0103, \u00een scopul ob\u0163inerii de beneficii materiale. Cele dou\u0103 persoane ar fi obligat victima av\u00e2nd 61 de ani (decedat\u0103 la acest moment), inclusiv prin acte repetate de violen\u0163\u0103 fizic\u0103 \u015fi psihic\u0103, la prestarea unor munci, \u00een mod for\u0163at, \u00een special la un magazin (aprozar), situat \u00een municipiul Cluj-Napoca\u201d, a transmis Poli\u0163ia Rom\u00e2n\u0103 \u00eentr-un comunicat.<\/p>\n<p>Oamenii legii spun c\u0103 \u00een 2023, cei doi suspec\u021bi ar fi recrutat \u015fi ad\u0103postit \u00een locuin\u0163a lor o alt\u0103 persoan\u0103 v\u0103t\u0103mat\u0103, pe care ar fi supus-o execut\u0103rii unor munci \u00een mod for\u0163at p\u00e2n\u0103 \u00een luna martie a acestui an.<\/p>\n<p>\u00cen acest caz, procurorii DIICOT -\u2013 Serviciul Teritorial Cluj au dispus miercuri re\u0163inerea celor dou\u0103 persoane, pentru 24 de ore, iar joi judec\u0103torul de drepturi \u015fi libert\u0103\u0163i din cadrul Tribunalului Cluj a dispus arestarea preventiv\u0103 a acestora, pentru 30 de zile.<\/p>\n<p>Ac\u0163iunea a beneficiat de sprijinul speciali\u015ftilor criminali\u015fti din cadrul Inspectoratului de Poli\u0163ie Jude\u0163ean Cluj \u015fi jandarmilor Grup\u0103rii de Jandarmi Mobile \u201d\u015etefan Cicio-Pop\u201d Cluj-Napoca.<\/p>","protected":false},"excerpt":{"rendered":"<p>Este vorba despre o femeie de 48 de ani \u0219i un b\u0103rbat \u00een v\u00e2rst\u0103 de&hellip;<\/p>\n","protected":false},"author":0,"featured_media":41086,"comment_status":"open","ping_status":"open","sticky":false,"template":"","format":"standard","meta":{"footnotes":""},"categories":[2],"tags":[],"class_list":["post-41085","post","type-post","status-publish","format-standard","has-post-thumbnail","hentry","category-actual"],"_links":{"self":[{"href":"https:\/\/247stiri.ro\/index.php\/wp-json\/wp\/v2\/posts\/41085","targetHints":{"allow":["GET"]}}],"collection":[{"href":"https:\/\/247stiri.ro\/index.php\/wp-json\/wp\/v2\/posts"}],"about":[{"href":"https:\/\/247stiri.ro\/index.php\/wp-json\/wp\/v2\/types\/post"}],"replies":[{"embeddable":true,"href":"https:\/\/247stiri.ro\/index.php\/wp-json\/wp\/v2\/comments?post=41085"}],"version-history":[{"count":0,"href":"https:\/\/247stiri.ro\/index.php\/wp-json\/wp\/v2\/posts\/41085\/revisions"}],"wp:featuredmedia":[{"embeddable":true,"href":"https:\/\/247stiri.ro\/index.php\/wp-json\/wp\/v2\/media\/41086"}],"wp:attachment":[{"href":"https:\/\/247stiri.ro\/index.php\/wp-json\/wp\/v2\/media?parent=41085"}],"wp:term":[{"taxonomy":"category","embeddable":true,"href":"https:\/\/247stiri.ro\/index.php\/wp-json\/wp\/v2\/categories?post=41085"},{"taxonomy":"post_tag","embeddable":true,"href":"https:\/\/247stiri.ro\/index.php\/wp-json\/wp\/v2\/tags?post=41085"}],"curies":[{"name":"wp","href":"https:\/\/api.w.org\/{rel}","templated":true}]}}