{"id":41089,"date":"2025-03-20T15:45:28","date_gmt":"2025-03-20T15:45:28","guid":{"rendered":"https:\/\/247stiri.ro\/index.php\/2025\/03\/20\/se-inchide-vama-giurgiu-cat-timp-va-fi-blocata-intrarea-in-bulgaria\/"},"modified":"2025-03-20T15:45:28","modified_gmt":"2025-03-20T15:45:28","slug":"se-inchide-vama-giurgiu-cat-timp-va-fi-blocata-intrarea-in-bulgaria","status":"publish","type":"post","link":"https:\/\/247stiri.ro\/index.php\/2025\/03\/20\/se-inchide-vama-giurgiu-cat-timp-va-fi-blocata-intrarea-in-bulgaria\/","title":{"rendered":"Se \u00eenchide Vama Giurgiu. C\u00e2t timp va fi blocat\u0103 intrarea \u00een Bulgaria"},"content":{"rendered":"<p>Potrivit Poli\u0163iei de Frontier\u0103, Inspectoratul Teritorial al Poli\u0163iei de Frontier\u0103 Giurgiu a fost informat prin Centrul Comun de Contact Giurgiu despre faptul c\u0103, \u00een 27 martie, se vor efectua lucr\u0103ri de construc\u0163ie \u015fi montaj la Podul Dun\u0103rea dintre Giurgiu (Rom\u00e2nia) \u015fi Ruse (Bulgaria) pentru betonarea zonelor dintre noile panouri de drum din beton armat, pe direc\u0163ia longitudinal\u0103 a axului drumului.<\/p>\n<p>Astfel, lucr\u0103rile vor impune oprirea complet\u0103 a circula\u0163iei pe pod \u00een 27 martie, \u00eencep\u00e2nd cu ora 09.00. Circula\u0163ia va fi reluat\u0103, pentru autoturisme, \u00een aceea\u015fi zi, \u00eencep\u00e2nd cu ora 12.00, iar pentru mijloacele de transport marf\u0103 \u00een 28 martie, ora 09.00.<\/p>\n<p>\u201dInspectoratul Teritorial al Poli\u0163iei de Frontier\u0103 Giurgiu recomand\u0103 participan\u0163ilor la trafic s\u0103 ia m\u0103suri din timp pentru a-\u015fi reconfigura traseul \u00een perioadele men\u0163ionate, \u00een func\u0163ie de mijlocul de transport, astfel \u00eenc\u00e2t s\u0103 se pre\u00eent\u00e2mpine blocarea zonelor adiacente podului Giurgiu-Ruse sau \u00eent\u00e2rzieri \u015fi timpi mari de a\u015fteptare pentru cei care inten\u0163ioneaz\u0103 s\u0103 tranziteze frontiera\u201d, adaug\u0103 sursa citat\u0103.<\/p>","protected":false},"excerpt":{"rendered":"<p>Potrivit Poli\u0163iei de Frontier\u0103, Inspectoratul Teritorial al Poli\u0163iei de Frontier\u0103 Giurgiu a fost informat prin&hellip;<\/p>\n","protected":false},"author":0,"featured_media":41073,"comment_status":"open","ping_status":"open","sticky":false,"template":"","format":"standard","meta":{"footnotes":""},"categories":[2],"tags":[],"class_list":["post-41089","post","type-post","status-publish","format-standard","has-post-thumbnail","hentry","category-actual"],"_links":{"self":[{"href":"https:\/\/247stiri.ro\/index.php\/wp-json\/wp\/v2\/posts\/41089","targetHints":{"allow":["GET"]}}],"collection":[{"href":"https:\/\/247stiri.ro\/index.php\/wp-json\/wp\/v2\/posts"}],"about":[{"href":"https:\/\/247stiri.ro\/index.php\/wp-json\/wp\/v2\/types\/post"}],"replies":[{"embeddable":true,"href":"https:\/\/247stiri.ro\/index.php\/wp-json\/wp\/v2\/comments?post=41089"}],"version-history":[{"count":0,"href":"https:\/\/247stiri.ro\/index.php\/wp-json\/wp\/v2\/posts\/41089\/revisions"}],"wp:featuredmedia":[{"embeddable":true,"href":"https:\/\/247stiri.ro\/index.php\/wp-json\/wp\/v2\/media\/41073"}],"wp:attachment":[{"href":"https:\/\/247stiri.ro\/index.php\/wp-json\/wp\/v2\/media?parent=41089"}],"wp:term":[{"taxonomy":"category","embeddable":true,"href":"https:\/\/247stiri.ro\/index.php\/wp-json\/wp\/v2\/categories?post=41089"},{"taxonomy":"post_tag","embeddable":true,"href":"https:\/\/247stiri.ro\/index.php\/wp-json\/wp\/v2\/tags?post=41089"}],"curies":[{"name":"wp","href":"https:\/\/api.w.org\/{rel}","templated":true}]}}