{"id":41096,"date":"2025-03-20T16:45:06","date_gmt":"2025-03-20T16:45:06","guid":{"rendered":"https:\/\/247stiri.ro\/index.php\/2025\/03\/20\/a-inceput-eliberarea-cartilor-electronice-de-identitate-ce-date-vor-fi-inscrise-pe-documente\/"},"modified":"2025-03-20T16:45:06","modified_gmt":"2025-03-20T16:45:06","slug":"a-inceput-eliberarea-cartilor-electronice-de-identitate-ce-date-vor-fi-inscrise-pe-documente","status":"publish","type":"post","link":"https:\/\/247stiri.ro\/index.php\/2025\/03\/20\/a-inceput-eliberarea-cartilor-electronice-de-identitate-ce-date-vor-fi-inscrise-pe-documente\/","title":{"rendered":"A \u00eenceput eliberarea c\u0103r\u021bilor electronice de identitate. Ce date vor fi \u00eenscrise pe documente"},"content":{"rendered":"<p>Consiliul Jude\u0163ean Cluj arat\u0103, \u00eentr-un comunicat de pres\u0103, c\u0103, \u00eencep\u00e2nd de joi, toate serviciile publice comunitare de eviden\u0163\u0103 a persoanelor din jude\u0163ul Cluj &#8211; cele din Dej, Gherla, Huedin, Turda, C\u00e2mpia Turzii \u015fi Flore\u015fti &#8211; preiau fotografiile, impresiunile papilare \u015fi documentele necesare \u00een vederea eliber\u0103rii noilor c\u0103r\u0163i electronice de identitate.<\/p>\n<p class=\"questo-paywall\">\u201d\u00cencep\u00e2nd de azi locuitorii jude\u0163ului Cluj cu v\u00e2rsta de peste 14 ani pot beneficia de c\u0103r\u0163i electronice de identitate gratuite, eliberate c\u00e2t mai aproape de domiciliu, f\u0103r\u0103 a mai fi nevoie de deplasarea la Cluj. Ne bucur\u0103m c\u0103 proiectul opera\u0163ionalizat cu succes de c\u0103tre DJEP Cluj este replicat, la nivelul \u00eentregului jude\u0163 \u015fi, ulterior, la nivel na\u0163ional\u201d, a declarat Alin Ti\u015fe, pre\u015fedintele Consiliului Jude\u0163ean Cluj.<\/p>\n<p class=\"questo-paywall\">Programarea pentru eliberarea c\u0103r\u0163ii electronice de identitate se face exclusiv online, pe portalul Ministerului Afacerilor Interne, acces\u00e2nd linkul https:\/\/hub.mai.gov.ro\/site\/.<\/p>\n<p class=\"questo-paywall\">Datele care vor fi \u00eenscrise \u00een c\u0103r\u0163ile electronice de identitate sunt:<\/p>\n<p class=\"questo-paywall\">&#8211; \u00een format tip\u0103rit: nume, prenume, cet\u0103\u0163enie, data na\u015fterii, sex, imaginea facial\u0103, CNP, semn\u0103tura olograf\u0103,<\/p>\n<p class=\"questo-paywall\">&#8211; \u00een format electronic: toate datele tip\u0103rite, la care se adaug\u0103 prenumele p\u0103rin\u0163ilor, domiciliul, impresiunile papilare ale dou\u0103 degete ale titularului \u015fi certificate digitale pentru autentificare sau semn\u0103tur\u0103 electronic\u0103.<\/p>\n<p>\u00a0<\/p>","protected":false},"excerpt":{"rendered":"<p>Consiliul Jude\u0163ean Cluj arat\u0103, \u00eentr-un comunicat de pres\u0103, c\u0103, \u00eencep\u00e2nd de joi, toate serviciile publice&hellip;<\/p>\n","protected":false},"author":0,"featured_media":41097,"comment_status":"open","ping_status":"open","sticky":false,"template":"","format":"standard","meta":{"footnotes":""},"categories":[2],"tags":[],"class_list":["post-41096","post","type-post","status-publish","format-standard","has-post-thumbnail","hentry","category-actual"],"_links":{"self":[{"href":"https:\/\/247stiri.ro\/index.php\/wp-json\/wp\/v2\/posts\/41096","targetHints":{"allow":["GET"]}}],"collection":[{"href":"https:\/\/247stiri.ro\/index.php\/wp-json\/wp\/v2\/posts"}],"about":[{"href":"https:\/\/247stiri.ro\/index.php\/wp-json\/wp\/v2\/types\/post"}],"replies":[{"embeddable":true,"href":"https:\/\/247stiri.ro\/index.php\/wp-json\/wp\/v2\/comments?post=41096"}],"version-history":[{"count":0,"href":"https:\/\/247stiri.ro\/index.php\/wp-json\/wp\/v2\/posts\/41096\/revisions"}],"wp:featuredmedia":[{"embeddable":true,"href":"https:\/\/247stiri.ro\/index.php\/wp-json\/wp\/v2\/media\/41097"}],"wp:attachment":[{"href":"https:\/\/247stiri.ro\/index.php\/wp-json\/wp\/v2\/media?parent=41096"}],"wp:term":[{"taxonomy":"category","embeddable":true,"href":"https:\/\/247stiri.ro\/index.php\/wp-json\/wp\/v2\/categories?post=41096"},{"taxonomy":"post_tag","embeddable":true,"href":"https:\/\/247stiri.ro\/index.php\/wp-json\/wp\/v2\/tags?post=41096"}],"curies":[{"name":"wp","href":"https:\/\/api.w.org\/{rel}","templated":true}]}}