{"id":41098,"date":"2025-03-20T16:45:07","date_gmt":"2025-03-20T16:45:07","guid":{"rendered":"https:\/\/247stiri.ro\/index.php\/2025\/03\/20\/bec-a-stabilit-lista-finala-a-candidatilor-pentru-alegerile-prezidentiale-din-mai-document\/"},"modified":"2025-03-20T16:45:07","modified_gmt":"2025-03-20T16:45:07","slug":"bec-a-stabilit-lista-finala-a-candidatilor-pentru-alegerile-prezidentiale-din-mai-document","status":"publish","type":"post","link":"https:\/\/247stiri.ro\/index.php\/2025\/03\/20\/bec-a-stabilit-lista-finala-a-candidatilor-pentru-alegerile-prezidentiale-din-mai-document\/","title":{"rendered":"BEC a stabilit lista final\u0103 a candida\u021bilor pentru alegerile preziden\u021biale din mai DOCUMENT"},"content":{"rendered":"<p>Nu este \u00eens\u0103 exclus s\u0103 mai vedem retrageri. Sunt presiuni majore asupra Elenei Lasconi. In urma acestor tensiuni, Elena Lasconi r\u0103m\u00e2ne f\u0103r\u0103 coordonator de campanie la Bra\u0219ov. Acesta spune ca nu mai crede \u00een drumul partidului. Senatorul solicit\u0103 ca, fie Elena Lasconi, fie Nicu\u015for Dan s\u0103 se retrag\u0103 din cursa preziden\u021bial\u0103, \u00een func\u021bie de procentele cu care \u00eei va cota electoratul \u00een urm\u0103toarele s\u0103pt\u0103m\u00e2ni.&#8221;\u00cen politic\u0103, cifrele vorbesc.<\/p>\n<p>Dac\u0103 ecartul este mare, insurmontabil, \u00een campanie, solu\u021bia corect\u0103 este ca cel mai slab s\u0103 se retrag\u0103. De ceealalt\u0103 parte Elena Lasconi, surda la toate aceste argumente, declara \u201eNu m\u0103 voi retrage din cursa pentru preziden\u021biale, de\u0219i toat\u0103 lumea a\u0219teapt\u0103. Cu ce v\u0103 \u00eencurc? Sunt eu un pericol?\u201d.<\/p>\n<p>In tot acest timp, Nicusor Dan Nicu\u0219or isi pune in aplicare strategia de campanie. Dan vrea s\u0103 aplice metoda lui Traian B\u0103sescu \u00een tandem cu Ilie Bolojan! Primarul Capitalei \u00eel copiaz\u0103 pe fostul pre\u0219edinte, care dup\u0103 alegerile preziden\u021biale din 2009 a ales s\u0103 nu fie arbitru \u00een societate \u0219i s-a implicat \u00een calculele parlamentare. B\u0103sescu a format atunci o majoritate parlamentar\u0103 pentru Emil Boc, dup\u0103 ce a rupt voturi din PSD.<\/p>\n<p>La vremea aceea, PDL nu putea s\u0103 guverneze singur. B\u0103sescu a negociat cu mai mul\u021bi parlamentari pentru a-\u0219i duce jocul la bun sf\u00e2r\u0219it. Dup\u0103 aproape dou\u0103 decenii se \u00eencearc\u0103 acela\u0219i lucru, \u00eens\u0103 \u00eentr-o alt\u0103 formul\u0103. nu e de mirare ca, in ceste condi\u021bii, Crin Antonescu. Candidatul coali\u021biei afirm\u0103 c\u0103 adev\u0103rata amenin\u021bare electoral\u0103 vine dinspre Nicu\u0219or Dan, sus\u021binut de acelea\u0219i grupuri de influen\u021b\u0103 bine cunoscute, care vor s\u0103 men\u021bin\u0103 \u021bara blocat\u0103 \u00een acelea\u0219i jocuri de putere. Vorbim si despre noile perchezi\u021bii la comand\u0103 la sus\u021bin\u0103torii lui C\u0103lin Georgescu.<\/p>\n<p>LISTA COMPLET\u0102 <a href=\"https:\/\/media.realitatea.net\/multimedia\/other\/202503\/CP_36_fa39c2ad3f.pdf\" target=\"_blank\">AICI<\/a><\/p>","protected":false},"excerpt":{"rendered":"<p>Nu este \u00eens\u0103 exclus s\u0103 mai vedem retrageri. Sunt presiuni majore asupra Elenei Lasconi. In&hellip;<\/p>\n","protected":false},"author":0,"featured_media":41095,"comment_status":"open","ping_status":"open","sticky":false,"template":"","format":"standard","meta":{"footnotes":""},"categories":[2],"tags":[],"class_list":["post-41098","post","type-post","status-publish","format-standard","has-post-thumbnail","hentry","category-actual"],"_links":{"self":[{"href":"https:\/\/247stiri.ro\/index.php\/wp-json\/wp\/v2\/posts\/41098","targetHints":{"allow":["GET"]}}],"collection":[{"href":"https:\/\/247stiri.ro\/index.php\/wp-json\/wp\/v2\/posts"}],"about":[{"href":"https:\/\/247stiri.ro\/index.php\/wp-json\/wp\/v2\/types\/post"}],"replies":[{"embeddable":true,"href":"https:\/\/247stiri.ro\/index.php\/wp-json\/wp\/v2\/comments?post=41098"}],"version-history":[{"count":0,"href":"https:\/\/247stiri.ro\/index.php\/wp-json\/wp\/v2\/posts\/41098\/revisions"}],"wp:featuredmedia":[{"embeddable":true,"href":"https:\/\/247stiri.ro\/index.php\/wp-json\/wp\/v2\/media\/41095"}],"wp:attachment":[{"href":"https:\/\/247stiri.ro\/index.php\/wp-json\/wp\/v2\/media?parent=41098"}],"wp:term":[{"taxonomy":"category","embeddable":true,"href":"https:\/\/247stiri.ro\/index.php\/wp-json\/wp\/v2\/categories?post=41098"},{"taxonomy":"post_tag","embeddable":true,"href":"https:\/\/247stiri.ro\/index.php\/wp-json\/wp\/v2\/tags?post=41098"}],"curies":[{"name":"wp","href":"https:\/\/api.w.org\/{rel}","templated":true}]}}