{"id":41099,"date":"2025-03-20T16:45:08","date_gmt":"2025-03-20T16:45:08","guid":{"rendered":"https:\/\/247stiri.ro\/index.php\/2025\/03\/20\/haos-total-la-istanbul-dupa-ce-erdogan-si-a-arestat-rivalul-proteste-uriase-in-orasul-blocat-de-politie-lira-turceasca-si-bursele-se-prabusesc\/"},"modified":"2025-03-20T16:45:08","modified_gmt":"2025-03-20T16:45:08","slug":"haos-total-la-istanbul-dupa-ce-erdogan-si-a-arestat-rivalul-proteste-uriase-in-orasul-blocat-de-politie-lira-turceasca-si-bursele-se-prabusesc","status":"publish","type":"post","link":"https:\/\/247stiri.ro\/index.php\/2025\/03\/20\/haos-total-la-istanbul-dupa-ce-erdogan-si-a-arestat-rivalul-proteste-uriase-in-orasul-blocat-de-politie-lira-turceasca-si-bursele-se-prabusesc\/","title":{"rendered":"Haos total la Istanbul, dup\u0103 ce Erdogan \u0219i-a arestat rivalul. Proteste uria\u0219e \u00een ora\u0219ul blocat de poli\u021bie. Lira turceasc\u0103 \u0219i bursele se pr\u0103bu\u0219esc"},"content":{"rendered":"<p>\u201dNe confrunt\u0103m cu o mare tiranie, dar vreau s\u0103 \u0219ti\u0163i c\u0103 nu voi fi descurajat! V\u0103 iubesc pe to\u021bi foarte mult! M\u0103 \u00eencredin\u021bez na\u021biunii mele!\u201d, a declarat Ekrem Imamoglu.\u00a0<\/p>\n<p>Istanbulul este blocat \u00een urma protestelor masive, dup\u0103 ce primarul a fost re\u021binut, cu doar c\u00e2teva zile \u00eenainte de a-\u0219i depune candidatura. Sute de studen\u021bi au spart zidul de jandarmi care \u00eei \u00eempiedica s\u0103 plece \u00een mar\u0219 pe str\u0103zile din ora\u0219. For\u0163ele de ordine au tras \u00een tineri cu gaze lacrimogene.<\/p>\n<p>Str\u0103zile \u0219i sta\u021biile de metrou au fost blocate, iar oamenii anun\u021b\u0103 proteste tot mai mari. Primarii mai multor capitale \u015fi ai unor mari ora\u015fe europene au condamnat arestarea lui Ekrem Imamoglu \u0219i spun c\u0103 au fost \u00eenc\u0103lcate drepturile \u0219i libert\u0103\u021bile municipale din Turcia. Totodat\u0103, 37 de persoane au fost re\u021binute dup\u0103 ce ar fi f\u0103cut presupuse post\u0103ri pe re\u021belele sociale care ar incita la ur\u0103 \u0219i crim\u0103, dup\u0103 re\u021binerea primarului.<\/p>\n<p>\u201dAst\u0103zi a avut loc o lovitur\u0103 \u00eempotriva democra\u021biei turce\u0219ti, o lovitur\u0103 de stat\u201d, a spus un localnic.\u00a0<\/p>\n<p>Lira turceasc\u0103 \u0219i bursa din Istanbul s-au pr\u0103bu\u0219it, dup\u0103 arestarea primarului din Istanbul, considerat de mul\u0163i localnici singurul politician care poate pune cap\u0103t domniei de 20 ani a lui Erdogan.<\/p>\n<p>\u00centre timp, autorit\u0103\u021bile au pus sechestru pe firma de construc\u021bii a acestuia. Primarul este acuzat de delapidare de fonduri \u015fi de sus\u0163inerea unei grup\u0103ri teroriste. Sute de persoane inclusiv jurnali\u0219ti \u0219i oameni de afaceri au fost re\u021binute \u00een anchet\u0103.Totul dup\u0103 ce primarului i-a fost anulat\u0103 \u0219i diploma universitar\u0103, ceea ce \u00eel va \u00eempiedica pe acesta s\u0103 participe la alegerile preziden\u021biale din 2028.<\/p>\n<p>\u201dNoi am \u0219tiut, am prezis c\u0103 primarul nostru, municipalitatea noastr\u0103 metropolitan\u0103 din Istanbul, primarul Ekrem Imamoglu va trece printr-un proces de re\u021binere\u201d, a spus un locuitor al ora\u0219ului Istanbul.\u00a0<\/p>","protected":false},"excerpt":{"rendered":"<p>\u201dNe confrunt\u0103m cu o mare tiranie, dar vreau s\u0103 \u0219ti\u0163i c\u0103 nu voi fi descurajat!&hellip;<\/p>\n","protected":false},"author":0,"featured_media":41091,"comment_status":"open","ping_status":"open","sticky":false,"template":"","format":"standard","meta":{"footnotes":""},"categories":[2],"tags":[],"class_list":["post-41099","post","type-post","status-publish","format-standard","has-post-thumbnail","hentry","category-actual"],"_links":{"self":[{"href":"https:\/\/247stiri.ro\/index.php\/wp-json\/wp\/v2\/posts\/41099","targetHints":{"allow":["GET"]}}],"collection":[{"href":"https:\/\/247stiri.ro\/index.php\/wp-json\/wp\/v2\/posts"}],"about":[{"href":"https:\/\/247stiri.ro\/index.php\/wp-json\/wp\/v2\/types\/post"}],"replies":[{"embeddable":true,"href":"https:\/\/247stiri.ro\/index.php\/wp-json\/wp\/v2\/comments?post=41099"}],"version-history":[{"count":0,"href":"https:\/\/247stiri.ro\/index.php\/wp-json\/wp\/v2\/posts\/41099\/revisions"}],"wp:featuredmedia":[{"embeddable":true,"href":"https:\/\/247stiri.ro\/index.php\/wp-json\/wp\/v2\/media\/41091"}],"wp:attachment":[{"href":"https:\/\/247stiri.ro\/index.php\/wp-json\/wp\/v2\/media?parent=41099"}],"wp:term":[{"taxonomy":"category","embeddable":true,"href":"https:\/\/247stiri.ro\/index.php\/wp-json\/wp\/v2\/categories?post=41099"},{"taxonomy":"post_tag","embeddable":true,"href":"https:\/\/247stiri.ro\/index.php\/wp-json\/wp\/v2\/tags?post=41099"}],"curies":[{"name":"wp","href":"https:\/\/api.w.org\/{rel}","templated":true}]}}