{"id":41109,"date":"2025-03-20T17:45:30","date_gmt":"2025-03-20T17:45:30","guid":{"rendered":"https:\/\/247stiri.ro\/index.php\/2025\/03\/20\/se-adanceste-gaura-din-buget-ciolacu-pregateste-terenul-pentru-un-nou-imprumut-de-la-berd\/"},"modified":"2025-03-20T17:45:30","modified_gmt":"2025-03-20T17:45:30","slug":"se-adanceste-gaura-din-buget-ciolacu-pregateste-terenul-pentru-un-nou-imprumut-de-la-berd","status":"publish","type":"post","link":"https:\/\/247stiri.ro\/index.php\/2025\/03\/20\/se-adanceste-gaura-din-buget-ciolacu-pregateste-terenul-pentru-un-nou-imprumut-de-la-berd\/","title":{"rendered":"Se ad\u00e2nce\u0219te gaura din buget. Ciolacu preg\u0103te\u0219te terenul pentru un nou \u00eemprumut de la BERD"},"content":{"rendered":"<p>Prim-ministrul Marcel Ciolacu a avut o discu\u0163ie, joi, la Palatul Victoria, cu o delega\u0163ie condus\u0103 de pre\u015fedinta B\u0103ncii Europene pentru Reconstruc\u0163ie \u015fi Dezvoltare, Odile Renaud Basso, care efectueaz\u0103 o vizit\u0103 la Bucure\u015fti \u00een contextul preg\u0103tirii urm\u0103toarei Strategii de \u0163ar\u0103 BERD pentru Rom\u00e2nia.<\/p>\n<p>Marcel Ciolacu a apreciat &#8222;disponibilitatea&#8221; BERD de a sprijini implementarea unor reforme structurale.<\/p>\n<p>&#8222;Rom\u00e2nia conteaz\u0103 \u00een continuare pe sprijinul BERD, inclusiv din punct de vedere al rolului esen\u0163ial pe care \u00eel joac\u0103 \u00een implementarea programelor finan\u0163ate din fonduri europene nerambursabile. Avem un parteneriat solid, care se reflect\u0103 \u00een investi\u0163iile semnificative pe care aceast\u0103 institu\u0163ie financiar\u0103 le deruleaz\u0103 \u00een Rom\u00e2nia \u015fi care au \u00eensumat \u00een 2024 mai mult de 700 de milioane de euro, \u00een cadrul unui num\u0103r record de 44 de proiecte&#8221;, a declarat premierul.<\/p>\n<p>\u00cen cursul \u00eentrevederii, s-a discutat despre eforturile Rom\u00e2niei pentru dezvoltarea unui sector energetic sustenabil, prin cre\u015fterea eficien\u0163ei energetice \u00een \u00eentreprinderile mici \u015fi mijlocii \u015fi \u00een \u00eentreprinderile mari, proiecte \u00een domeniul energiei verzi (eolian\u0103 offshore \u015fi solar\u0103 fotovoltaic\u0103), consolidarea infrastructurii de transport pe coridorul vertical (cu Republica Moldova \u015fi Bulgaria), construc\u0163ia de infrastructur\u0103 ap\u0103-canal \u00een parteneriat cu autorit\u0103\u0163ile locale, precum \u015fi sus\u0163inerea proiectelor de infrastructur\u0103 municipal\u0103 cu beneficii socio-economice semnificative.<\/p>\n<p>&#8222;Exprim\u00e2nd \u00eentreaga disponibilitate a p\u0103r\u0163ii rom\u00e2ne \u00een perspectiva consult\u0103rilor care vor urma \u00een cadrul acestui proces, premierul Marcel Ciolacu a apreciat disponibilitatea BERD de a sprijini implementarea unor reforme structurale, din perspectiva expertizei de care dispune \u00een materie de parteneriat public-privat \u015fi a rolului esen\u0163ial pe care \u00eel joac\u0103 \u00een implementarea programelor finan\u0163ate din fonduri europene nerambursabile, prin asisten\u0163\u0103 tehnic\u0103, \u00eemprumuturi sau alte instrumente financiare pentru implementarea proiectelor majore de infrastructur\u0103, mediu, energie, transport sau digitalizare pe care Rom\u00e2nia \u015fi le-a asumat prin Planul Na\u0163ional de Redresare \u015fi Rezilien\u0163\u0103&#8221;, men\u0163ioneaz\u0103 Guvernul.<\/p>\n<p>La discu\u0163iile de la Palatul Victoria au mai participat vicepremierul Marian Neac\u015fu, ministrul Finan\u0163elor, Tanczos Barna, ministrul Transporturilor, Sorin Grindeanu, ministrul Investi\u0163iilor \u015fi Proiectelor Europene, Marcel Bolo\u015f, ministrul Energiei, Sebastian Burduja, \u015feful Cancelariei Prim-ministrului, \u015etefan-Radu Oprea.<\/p>\n<p>Din delega\u0163ia BERD au mai f\u0103cut parte Charlotte Ruhe, director general pentru Europa Central\u0103 \u015fi de Sud-Est, Victoria Zinchuk, director pentru Romania, \u015fi Mihaela Mih\u0103ilescu, director adjunct pentru Rom\u00e2nia.<\/p>\n<p>\u00a0<\/p>","protected":false},"excerpt":{"rendered":"<p>Prim-ministrul Marcel Ciolacu a avut o discu\u0163ie, joi, la Palatul Victoria, cu o delega\u0163ie condus\u0103&hellip;<\/p>\n","protected":false},"author":0,"featured_media":41110,"comment_status":"open","ping_status":"open","sticky":false,"template":"","format":"standard","meta":{"footnotes":""},"categories":[2],"tags":[],"class_list":["post-41109","post","type-post","status-publish","format-standard","has-post-thumbnail","hentry","category-actual"],"_links":{"self":[{"href":"https:\/\/247stiri.ro\/index.php\/wp-json\/wp\/v2\/posts\/41109","targetHints":{"allow":["GET"]}}],"collection":[{"href":"https:\/\/247stiri.ro\/index.php\/wp-json\/wp\/v2\/posts"}],"about":[{"href":"https:\/\/247stiri.ro\/index.php\/wp-json\/wp\/v2\/types\/post"}],"replies":[{"embeddable":true,"href":"https:\/\/247stiri.ro\/index.php\/wp-json\/wp\/v2\/comments?post=41109"}],"version-history":[{"count":0,"href":"https:\/\/247stiri.ro\/index.php\/wp-json\/wp\/v2\/posts\/41109\/revisions"}],"wp:featuredmedia":[{"embeddable":true,"href":"https:\/\/247stiri.ro\/index.php\/wp-json\/wp\/v2\/media\/41110"}],"wp:attachment":[{"href":"https:\/\/247stiri.ro\/index.php\/wp-json\/wp\/v2\/media?parent=41109"}],"wp:term":[{"taxonomy":"category","embeddable":true,"href":"https:\/\/247stiri.ro\/index.php\/wp-json\/wp\/v2\/categories?post=41109"},{"taxonomy":"post_tag","embeddable":true,"href":"https:\/\/247stiri.ro\/index.php\/wp-json\/wp\/v2\/tags?post=41109"}],"curies":[{"name":"wp","href":"https:\/\/api.w.org\/{rel}","templated":true}]}}