{"id":41111,"date":"2025-03-20T17:45:30","date_gmt":"2025-03-20T17:45:30","guid":{"rendered":"https:\/\/247stiri.ro\/index.php\/2025\/03\/20\/ue-aplica-amanari-de-doua-saptamani-a-taxelor-vamale-de-retorsiune-impotriva-sua-pentru-a-mai-da-o-sansa-negocierilor-cu-trump\/"},"modified":"2025-03-20T17:45:30","modified_gmt":"2025-03-20T17:45:30","slug":"ue-aplica-amanari-de-doua-saptamani-a-taxelor-vamale-de-retorsiune-impotriva-sua-pentru-a-mai-da-o-sansa-negocierilor-cu-trump","status":"publish","type":"post","link":"https:\/\/247stiri.ro\/index.php\/2025\/03\/20\/ue-aplica-amanari-de-doua-saptamani-a-taxelor-vamale-de-retorsiune-impotriva-sua-pentru-a-mai-da-o-sansa-negocierilor-cu-trump\/","title":{"rendered":"UE aplic\u0103 am\u00e2n\u0103ri de dou\u0103 s\u0103pt\u0103m\u00e2ni a taxelor vamale de retorsiune \u00eempotriva SUA, pentru a mai da o \u0219ans\u0103 negocierilor cu Trump"},"content":{"rendered":"<p>Administra\u021bia pre\u0219edintelui american Donald Trump a impus \u00eencep\u00e2nd cu data de 12 martie taxe vamale de 25% asupra tuturor importurile de o\u021bel \u0219i aluminiu, indiferent de \u021bara de provenien\u021b\u0103.Ca represalii, Comisia European\u0103 a anun\u021bat c\u0103 va impune \u00eencep\u00e2nd din aprilie taxe vamale pentru o diversitate de produse importate de statele UE din SUA, \u00een valoare total\u0103 de p\u00e2n\u0103 la 26 de miliarde de euro.Aceste taxe vamale de retorsiune au fost stabilite de Comisia European\u0103 s\u0103 intre \u00een vigoare \u00een dou\u0103 trepte, respectiv pentru o parte din produsele din list\u0103 s\u0103 se aplice de la 1 aprilie, iar pentru celelalte de la jum\u0103tatea lunii aprilie.Prin noua decizie, anun\u021bat\u0103 joi, executivul comunitar a hot\u0103r\u00e2t s\u0103 alinieze pentru jum\u0103tatea lunii aprilie calendarul aplic\u0103rii taxelor vamale pentru cele dou\u0103 liste de produse, sper\u00e2nd ca p\u00e2n\u0103 atunci s\u0103 ajung\u0103 totu\u0219i la o \u00een\u021belegere cu Washingtonul.&#8221;Odat\u0103 cu alinierea calendarelor, Comisia European\u0103 se va consulta cu statele membre asupra ambelor liste. Aceasta va oferi timp suplimentar pentru discu\u021bii cu Administra\u021bia american\u0103&#8221;, a declarat un purt\u0103tor de cuv\u00e2nt comunitar, Olof Gill. Obiectivul este de asemenea de a ob\u021bine un echilibru adecvat \u00eentre produsele afectate, \u021bin\u00e2nd cont de interesele produc\u0103torilor, exportatorilor \u0219i consumatorilor din UE, a ad\u0103ugat acesta.Pe l\u00e2ng\u0103 noile taxe vamale asupra o\u021belului \u0219i aluminiului, Donald Trump a amenin\u021bat anterior c\u0103 ar putea impune blocului comunitar \u0219i alte taxe dac\u0103 UE nu \u00ee\u0219i reduce excedentul comercial \u00een rela\u021biile cu SUA.<\/p>","protected":false},"excerpt":{"rendered":"<p>Administra\u021bia pre\u0219edintelui american Donald Trump a impus \u00eencep\u00e2nd cu data de 12 martie taxe vamale&hellip;<\/p>\n","protected":false},"author":0,"featured_media":41108,"comment_status":"open","ping_status":"open","sticky":false,"template":"","format":"standard","meta":{"footnotes":""},"categories":[2],"tags":[],"class_list":["post-41111","post","type-post","status-publish","format-standard","has-post-thumbnail","hentry","category-actual"],"_links":{"self":[{"href":"https:\/\/247stiri.ro\/index.php\/wp-json\/wp\/v2\/posts\/41111","targetHints":{"allow":["GET"]}}],"collection":[{"href":"https:\/\/247stiri.ro\/index.php\/wp-json\/wp\/v2\/posts"}],"about":[{"href":"https:\/\/247stiri.ro\/index.php\/wp-json\/wp\/v2\/types\/post"}],"replies":[{"embeddable":true,"href":"https:\/\/247stiri.ro\/index.php\/wp-json\/wp\/v2\/comments?post=41111"}],"version-history":[{"count":0,"href":"https:\/\/247stiri.ro\/index.php\/wp-json\/wp\/v2\/posts\/41111\/revisions"}],"wp:featuredmedia":[{"embeddable":true,"href":"https:\/\/247stiri.ro\/index.php\/wp-json\/wp\/v2\/media\/41108"}],"wp:attachment":[{"href":"https:\/\/247stiri.ro\/index.php\/wp-json\/wp\/v2\/media?parent=41111"}],"wp:term":[{"taxonomy":"category","embeddable":true,"href":"https:\/\/247stiri.ro\/index.php\/wp-json\/wp\/v2\/categories?post=41111"},{"taxonomy":"post_tag","embeddable":true,"href":"https:\/\/247stiri.ro\/index.php\/wp-json\/wp\/v2\/tags?post=41111"}],"curies":[{"name":"wp","href":"https:\/\/api.w.org\/{rel}","templated":true}]}}