{"id":41112,"date":"2025-03-20T17:45:31","date_gmt":"2025-03-20T17:45:31","guid":{"rendered":"https:\/\/247stiri.ro\/index.php\/2025\/03\/20\/ursii-au-iesit-din-hibernare-avertismentul-jandarmilor-pentru-localnicii-din-valcea-dar-si-pentru-turisti\/"},"modified":"2025-03-20T17:45:31","modified_gmt":"2025-03-20T17:45:31","slug":"ursii-au-iesit-din-hibernare-avertismentul-jandarmilor-pentru-localnicii-din-valcea-dar-si-pentru-turisti","status":"publish","type":"post","link":"https:\/\/247stiri.ro\/index.php\/2025\/03\/20\/ursii-au-iesit-din-hibernare-avertismentul-jandarmilor-pentru-localnicii-din-valcea-dar-si-pentru-turisti\/","title":{"rendered":"Ur\u0219ii au ie\u0219it din hibernare. Avertismentul jandarmilor pentru localnicii din V\u00e2lcea, dar \u0219i pentru turi\u0219ti"},"content":{"rendered":"<p>Inspectorul \u0219ef al Inspectoratului de Jandarmi Jude\u021bean (IJJ), col. Grigore Ciau\u0219escu, a declarat joi \u00een ultimii ani num\u0103rul solicit\u0103rilor pentru \u00eendep\u0103rtarea <a href=\"https:\/\/www.realitatea.net\/stiri\/actual\/ursii-au-bagat-frica-in-7-comune-din-judetul-mures-oamenii-se-tem-pentru-viata-lor-pagube-imense-in-randul-culturilor-agricole_67d405f22e71903c2729adf2\" target=\"_blank\">ur\u0219ilor <\/a>a crescut \u00een jude\u021bul V\u00e2lcea, mai ales \u00een zonele intravilane, recomandarea pentru turi\u0219tii care vor s\u0103 plece \u00een drume\u021bie prin p\u0103dure, dar \u0219i pentru locuitorii din zonele \u00een care a mai fost semnalat\u0103 prezen\u021ba acestor animale s\u0103lbatice fiind s\u0103 respecte regulile pentru siguran\u021b\u0103.<\/p>\n<p>\u201dDeja am avut o prim\u0103 interven\u021bie, dar nu a fost \u00een pericol vreo localitate. A fost observat un urs \u00een zona localit\u0103\u021bii M\u0103ld\u0103re\u0219ti, s\u0103pt\u0103m\u00e2na trecut\u0103, dar era \u00een p\u0103dure, \u00een habitatul lui. Recomandarea mea pentru turi\u0219ti, care s\u0103 vizeze protec\u021bia fa\u021b\u0103 de acest animal, este ca atunci c\u00e2nd \u00eel \u00eent\u00e2lnesc s\u0103 r\u0103m\u00e2n\u0103 nemi\u0219ca\u021bi sau s\u0103 \u00eencerce s\u0103 nu atrag\u0103 aten\u021bia acestuia \u0219i \u00een niciun caz s\u0103 se apropie chiar dac\u0103 sunt pui de urs, ci s\u0103 r\u0103m\u00e2n\u0103 la distan\u021b\u0103 astfel \u00eenc\u00e2t ursul s\u0103 nu-i observe \u0219i, mai mult dec\u00e2t at\u00e2t, s\u0103 nu fac\u0103 mi\u0219c\u0103ri bru\u0219te\u201d, a spus col. Ciau\u0219escu, \u00eentr-o conferin\u021b\u0103 de pres\u0103.<\/p>\n<p>De asemenea, inspectorul \u0219ef al IJJ V\u00e2lcea a recomandat turi\u0219tilor care ajung \u00een zona montan\u0103 \u00een aceast\u0103 perioad\u0103 s\u0103 fie echipa\u021bi corespunz\u0103tor \u0219i s\u0103 nu se abat\u0103 de la traseele turistice marcate, \u00eentruc\u00e2t la munte este \u00eenc\u0103 iarn\u0103.<\/p>\n<p>\u201dPentru turi\u0219tii care vor s\u0103 plece \u00een drume\u021bie pe munte recomandarea mea este s\u0103 se echipeze corespunz\u0103tor, s\u0103 aib\u0103 lanterne, s\u0103 aib\u0103 chiar \u0219i c\u00e2teva conserve \u0219i, nu \u00een ultimul r\u00e2nd, s\u0103 se deplaseze pe trasee turistice care sunt semnalizate. S\u0103 nu se abat\u0103 de la traseele turistice pentru c\u0103 este \u00eenc\u0103 o perioad\u0103 de iarn\u0103 \u0219i noaptea sunt temperaturi negative, iar r\u0103t\u0103cirea lor le poate pune probleme de s\u0103n\u0103tate p\u00e2n\u0103 la g\u0103sirea lor de c\u0103tre jandarmi sau salvamonti\u0219ti&#8217;, a mai spus Grigore Ciau\u0219escu.<\/p>\n<p>Conform datelor publicate de Inspectoratul de Jandarmi Jude\u021bean a anul trecut jandarmii au fost solicita\u021bi s\u0103 intervin\u0103 \u00een 71 de situa\u021bii pentru a \u00eendep\u0103rta animalele s\u0103lbatice, cu 10 mai pu\u021bine ca \u00een anul precedent, c\u00e2nd a fost \u00eenregistrat\u0103 \u0219i o victim\u0103 &#8211; un b\u0103tr\u00e2n din Horezu care a fost atacat de urs \u00een gr\u0103dina din apropierea locuin\u021bei lui. Anul trecut, \u00eens\u0103, nu fost persoane r\u0103nite \u00een urma acestor incidente, au mai precizat reprezentan\u021bii Jandarmeriei V\u00e2lcea.<\/p>","protected":false},"excerpt":{"rendered":"<p>Inspectorul \u0219ef al Inspectoratului de Jandarmi Jude\u021bean (IJJ), col. Grigore Ciau\u0219escu, a declarat joi \u00een&hellip;<\/p>\n","protected":false},"author":0,"featured_media":41113,"comment_status":"open","ping_status":"open","sticky":false,"template":"","format":"standard","meta":{"footnotes":""},"categories":[2],"tags":[],"class_list":["post-41112","post","type-post","status-publish","format-standard","has-post-thumbnail","hentry","category-actual"],"_links":{"self":[{"href":"https:\/\/247stiri.ro\/index.php\/wp-json\/wp\/v2\/posts\/41112","targetHints":{"allow":["GET"]}}],"collection":[{"href":"https:\/\/247stiri.ro\/index.php\/wp-json\/wp\/v2\/posts"}],"about":[{"href":"https:\/\/247stiri.ro\/index.php\/wp-json\/wp\/v2\/types\/post"}],"replies":[{"embeddable":true,"href":"https:\/\/247stiri.ro\/index.php\/wp-json\/wp\/v2\/comments?post=41112"}],"version-history":[{"count":0,"href":"https:\/\/247stiri.ro\/index.php\/wp-json\/wp\/v2\/posts\/41112\/revisions"}],"wp:featuredmedia":[{"embeddable":true,"href":"https:\/\/247stiri.ro\/index.php\/wp-json\/wp\/v2\/media\/41113"}],"wp:attachment":[{"href":"https:\/\/247stiri.ro\/index.php\/wp-json\/wp\/v2\/media?parent=41112"}],"wp:term":[{"taxonomy":"category","embeddable":true,"href":"https:\/\/247stiri.ro\/index.php\/wp-json\/wp\/v2\/categories?post=41112"},{"taxonomy":"post_tag","embeddable":true,"href":"https:\/\/247stiri.ro\/index.php\/wp-json\/wp\/v2\/tags?post=41112"}],"curies":[{"name":"wp","href":"https:\/\/api.w.org\/{rel}","templated":true}]}}