{"id":41125,"date":"2025-03-20T18:44:55","date_gmt":"2025-03-20T18:44:55","guid":{"rendered":"https:\/\/247stiri.ro\/index.php\/2025\/03\/20\/pedeapsa-pe-care-o-femeie-din-arad-a-primit-o-dupa-moartea-fetitei-sale-de-doi-ani-copila-a-avut-parte-de-un-sfarsit-halucinant\/"},"modified":"2025-03-20T18:44:55","modified_gmt":"2025-03-20T18:44:55","slug":"pedeapsa-pe-care-o-femeie-din-arad-a-primit-o-dupa-moartea-fetitei-sale-de-doi-ani-copila-a-avut-parte-de-un-sfarsit-halucinant","status":"publish","type":"post","link":"https:\/\/247stiri.ro\/index.php\/2025\/03\/20\/pedeapsa-pe-care-o-femeie-din-arad-a-primit-o-dupa-moartea-fetitei-sale-de-doi-ani-copila-a-avut-parte-de-un-sfarsit-halucinant\/","title":{"rendered":"Pedeapsa pe care o femeie din Arad a primit-o dup\u0103 moartea feti\u021bei sale de doi ani. Copila a avut parte de un sf\u00e2r\u0219it halucinant"},"content":{"rendered":"<p>Tragedia s-a petrecut \u00een octombire 2022, \u00een satul Drau\u021b, din comuna T\u00e2rnova, jude\u021bul Arad, iar cea care a alertat autorit\u0103\u021bile a fost chiar mama feti\u021bei. Din p\u0103cate, echipajul medical sosit la fa\u021ba locului nu a mai putut s\u0103 fac\u0103 nimic \u0219i a constata decesul copilei.\u00a0<\/p>\n<p>Femeia le-a spus poli\u021bi\u0219tilor c\u0103 nenorocirea s-a produs \u00eentr-o frac\u021biune de secund\u0103 \u0219i c\u0103 se afla \u00een preajm\u0103 atunci c\u00e2nd feti\u021ba s-a electroctat la ma\u0219ina de sp\u0103lat.\u00a0<\/p>\n<p>Ulterior, ancheta deschis\u0103 de oamenii legii a ar\u0103tat c\u0103 ma\u0219ina de sp\u0103lat se afla \u00eentr-o stare avansat\u0103 de degradare.\u00a0Mai mult, aceasta era pozi\u021bionat\u0103 l\u00e2ng\u0103 o balt\u0103 cu ap\u0103, iar firele electrice erau deteriorate. De\u0219i nu s-au g\u0103sit fire lipsite complet de izola\u021bie, aparatul reprezenta un pericol major.\u00a0<\/p>\n<p>Surse din cadrul anchetei spun c\u0103 membrii familiei au \u00eencercat s\u0103 mute electrocasnicul care a provocat moartea copilei \u00eenainte ca poli\u021bi\u0219tii s\u0103 ajung\u0103, \u00eens\u0103 deja era prea t\u00e2rziu pentru a schimba cursul anchetei.<\/p>\n<p>\u201eDin procesul-verbal de cercetare la fa\u021ba locului a rezultat c\u0103 \u00een curtea imobilului, \u00een fa\u021ba cl\u0103dirii, la aproximativ 5 metri distan\u021b\u0103, se afla o balt\u0103 cu ap\u0103, loc unde a fost pozi\u021bionat\u0103 ma\u0219ina de sp\u0103lat rufe (aceasta a fost ulterior mutat\u0103 de c\u0103tre membrii familiei persoanei minore decedate).<\/p>\n<p>La col\u021bul cl\u0103dirii s-a identificat ma\u0219ina de sp\u0103lat rufe de culoare alb\u0103, \u00een stare precar\u0103, fiind ruginit\u0103 \u00een partea de jos, iar firele erau scoase din c\u0103ma\u0219\u0103 de izola\u021bie, f\u0103r\u0103 a se observa \u00eens\u0103 fire lipsite complet de izola\u021bie\u201d, au transmis oamenii legii.<\/p>\n<p>La aproximativ trei ani de la cunplita tragedie, magistra\u021bii au considerat c\u0103 mama este responsabil\u0103 pentru moartea copilei. Ace\u0219tia au subliniat c\u0103 femeia, care mai are \u0219ase copii, ar fi trebuit s\u0103 fie con\u0219tient\u0103 c\u0103 un copil at\u00e2t de mic trebuie s\u0103 fie supravegheat \u00eencontinuu.<\/p>\n<p>Dup\u0103 ce a analizat toate probele \u0219i au fost audia\u021bi to\u021bi martorii, instan\u021ba a decis s\u0103 o condamne pe femeie la opt luni de \u00eenchisoare cu suspendare pentru ucidere din culp\u0103, pedeaps\u0103 care \u00eei permite s\u0103 r\u0103m\u00e2n\u0103 \u00een libertate, \u00eens\u0103 cu anumite obliga\u021bii impuse de lege.<\/p>\n<p>\u201eExperien\u021ba de via\u021b\u0103 acumulat\u0103 cu cre\u0219terea celorlal\u021bi 6 copii ar fi trebuit s\u0103 fie suficient\u0103 pentru ca inculpata s\u0103 cunoasc\u0103 faptul c\u0103 un <a href=\"https:\/\/www.realitatea.net\/stiri\/extern\/descoperire-neasteptata-facuta-de-oamenii-legii-unde-ia-condus-un-copil-de-2-ani-care-ratacea-pe-strazi_67dad77140af016a46204f12\" target=\"_blank\">copil \u00een v\u00e2rst\u0103 de 2 ani <\/a>trebuie atent supravegheat\u201d, au spus magistra\u021bii.<\/p>","protected":false},"excerpt":{"rendered":"<p>Tragedia s-a petrecut \u00een octombire 2022, \u00een satul Drau\u021b, din comuna T\u00e2rnova, jude\u021bul Arad, iar&hellip;<\/p>\n","protected":false},"author":0,"featured_media":41126,"comment_status":"open","ping_status":"open","sticky":false,"template":"","format":"standard","meta":{"footnotes":""},"categories":[2],"tags":[],"class_list":["post-41125","post","type-post","status-publish","format-standard","has-post-thumbnail","hentry","category-actual"],"_links":{"self":[{"href":"https:\/\/247stiri.ro\/index.php\/wp-json\/wp\/v2\/posts\/41125","targetHints":{"allow":["GET"]}}],"collection":[{"href":"https:\/\/247stiri.ro\/index.php\/wp-json\/wp\/v2\/posts"}],"about":[{"href":"https:\/\/247stiri.ro\/index.php\/wp-json\/wp\/v2\/types\/post"}],"replies":[{"embeddable":true,"href":"https:\/\/247stiri.ro\/index.php\/wp-json\/wp\/v2\/comments?post=41125"}],"version-history":[{"count":0,"href":"https:\/\/247stiri.ro\/index.php\/wp-json\/wp\/v2\/posts\/41125\/revisions"}],"wp:featuredmedia":[{"embeddable":true,"href":"https:\/\/247stiri.ro\/index.php\/wp-json\/wp\/v2\/media\/41126"}],"wp:attachment":[{"href":"https:\/\/247stiri.ro\/index.php\/wp-json\/wp\/v2\/media?parent=41125"}],"wp:term":[{"taxonomy":"category","embeddable":true,"href":"https:\/\/247stiri.ro\/index.php\/wp-json\/wp\/v2\/categories?post=41125"},{"taxonomy":"post_tag","embeddable":true,"href":"https:\/\/247stiri.ro\/index.php\/wp-json\/wp\/v2\/tags?post=41125"}],"curies":[{"name":"wp","href":"https:\/\/api.w.org\/{rel}","templated":true}]}}