{"id":41133,"date":"2025-03-20T19:45:08","date_gmt":"2025-03-20T19:45:08","guid":{"rendered":"https:\/\/247stiri.ro\/index.php\/2025\/03\/20\/ora-de-vara-2025-motivul-pentru-care-se-dau-ceasurile-inainte-cu-o-ora-la-3-dimineata-si-nu-la-miezul-noptii\/"},"modified":"2025-03-20T19:45:08","modified_gmt":"2025-03-20T19:45:08","slug":"ora-de-vara-2025-motivul-pentru-care-se-dau-ceasurile-inainte-cu-o-ora-la-3-dimineata-si-nu-la-miezul-noptii","status":"publish","type":"post","link":"https:\/\/247stiri.ro\/index.php\/2025\/03\/20\/ora-de-vara-2025-motivul-pentru-care-se-dau-ceasurile-inainte-cu-o-ora-la-3-dimineata-si-nu-la-miezul-noptii\/","title":{"rendered":"ORA DE VAR\u0102 2025. Motivul pentru care se dau ceasurile \u00eenainte cu o or\u0103 la 3 diminea\u021b\u0103 \u0219i nu la miezul nop\u021bii"},"content":{"rendered":"<p><a href=\"https:\/\/www.realitatea.net\/stiri\/actual\/cand-se-schimba-ora-si-ce-impact-are-acest-lucru-asupra-organismului_67c806ff7ece9f175d2d12e3\" target=\"_blank\">Ora de var\u0103<\/a> i-a fost atribuit\u0103 unui colec\u021bionar de insecte care a tr\u0103it \u00een secolul al XVIII-lea, pe nume George Vernon Hudson. Acesta \u00ee\u0219i dorea mai mult\u0103 lumin\u0103 natural\u0103 dup\u0103 terminarea programului de lucru pentru a se putea ocupa de pasiunea sa, iar \u00een timp, ideea lui a devenit extrem de popular\u0103 \u0219i asta datorit\u0103 faptului c\u0103 lumina solar\u0103 era folosit\u0103 \u00eentr-un mod eficient.\u00a0<\/p>\n<p>\u00cen lunile de iarn\u0103, dimine\u021bile sunt mai luminoase, asta \u00een timp ce vara serile sunt mai lungi, iar argumentele conform c\u0103rora trecerea la ora de var\u0103 ar putea s\u0103 reduc\u0103 consumul de energie,\u00eentruc\u00e2t oamenii vor utiliza mai pu\u021bin iluminat artificial, i-au convins pe liderii lumii care au decis s\u0103 adopte aceast\u0103 schimbare a orei de dou\u0103 ori pe an.\u00a0<\/p>\n<p>De\u0219i logic ar fi ca trecerea la ora de var\u0103 s\u0103 aib\u0103 loc la miezul nop\u021bii, ei bine aceasta, \u00eencepe, de fapt, la 3 diminea\u021ba.\u00a0<\/p>\n<p>Dup\u0103 ora 02:59, ceasurile vor ar\u0103ta direct 04:00 \u0219i nu 03:00, iar motivul se explic\u0103 prin faptul c\u0103 este un moment mai pu\u021bin perturbator, \u00eentruc\u00e2t cei mai mul\u021bi oameni dorm la acea or\u0103. De asemenea, cele mai multe afaceri sunt \u00eenchise la 3 diminea\u021ba.<\/p>\n<p>Autorul Michael Downing a explicat \u00een cartea sa\u201c Spring Forward: The Annual Madness of Daylight Saving Time\u201d, c\u0103 decizia din SUA, unde ora se schimb\u0103 la 2 diminea\u021ba, ar avea leg\u0103tur\u0103 cu orarul trenurilor Amtrak. \u00cen 1918, atunci c\u00e2nd ora de var\u0103 a fost introdus\u0103 pentru prima dat\u0103, \u201cora 2 diminea\u021ba, duminica, era momentul \u00een care afecta cel mai pu\u021bin tracul feroviar na\u021bional\u201d, noteaz\u0103 descopera.ro.<\/p>\n<p>Ora de var\u0103 nu este la fel de comun\u0103 \u00een \u021b\u0103rile care sunt mai apropiate de ecuator. \u00cen aceste state, diferen\u021bele sezoniere de lumin\u0103 sunt destul de mici. Multe \u021b\u0103ri utilizeaz\u0103, totu\u0219i, un sistem asem\u0103n\u0103tor.<\/p>\n<p>Potrivit Time and Date, aproximativ 40% dintre \u021b\u0103ri \u00ee\u0219i potrivesc ceasurile pentru a se sincroniza cu varia\u021biile sezoniere ale luminii solare. Nu toate procedeaz\u0103, \u00eens\u0103, \u00een acela\u0219i moment. Ora de var\u0103 britanic\u0103 (British Summer Time) \u00eencepe, de exemplu, la 1 diminea\u021ba, \u00een ultima zi de duminic\u0103 a lunii martie. \u00cen SUA, ora de var\u0103 \u00eencepe \u00een a doua duminic\u0103 din martie.<\/p>\n<p>\u00cen SUA, ora de var\u0103 a fost introdus\u0103 prin Standard Time Act. A fost abrogat\u0103 dup\u0103 numai un an, decizia fiind l\u0103sat\u0103 pe seama autorit\u0103\u021bilor locale. \u00cen afar\u0103 de o perioad\u0103 din timpul celui de-Al Doilea R\u0103zboi Mondial, ora de var\u0103 a fost o op\u021biune la nivel local.<\/p>\n<p>\u00cen schimb, statul Hawaii, dar \u0219i o mare parte din Arizona nu au adoptat ora de var\u0103. Pe tot parcursul anului, cele dou\u0103 state men\u021bin ora standard. Legea Uniform Time Act, care a fost introdus\u0103 \u00een 1966, a dus la standardizarea datelor de \u00eenceput \u0219i de sf\u00e2r\u0219it cazul regiunilor care utilizeaz\u0103 acest sistem.<\/p>","protected":false},"excerpt":{"rendered":"<p>Ora de var\u0103 i-a fost atribuit\u0103 unui colec\u021bionar de insecte care a tr\u0103it \u00een secolul&hellip;<\/p>\n","protected":false},"author":0,"featured_media":41128,"comment_status":"open","ping_status":"open","sticky":false,"template":"","format":"standard","meta":{"footnotes":""},"categories":[2],"tags":[],"class_list":["post-41133","post","type-post","status-publish","format-standard","has-post-thumbnail","hentry","category-actual"],"_links":{"self":[{"href":"https:\/\/247stiri.ro\/index.php\/wp-json\/wp\/v2\/posts\/41133","targetHints":{"allow":["GET"]}}],"collection":[{"href":"https:\/\/247stiri.ro\/index.php\/wp-json\/wp\/v2\/posts"}],"about":[{"href":"https:\/\/247stiri.ro\/index.php\/wp-json\/wp\/v2\/types\/post"}],"replies":[{"embeddable":true,"href":"https:\/\/247stiri.ro\/index.php\/wp-json\/wp\/v2\/comments?post=41133"}],"version-history":[{"count":0,"href":"https:\/\/247stiri.ro\/index.php\/wp-json\/wp\/v2\/posts\/41133\/revisions"}],"wp:featuredmedia":[{"embeddable":true,"href":"https:\/\/247stiri.ro\/index.php\/wp-json\/wp\/v2\/media\/41128"}],"wp:attachment":[{"href":"https:\/\/247stiri.ro\/index.php\/wp-json\/wp\/v2\/media?parent=41133"}],"wp:term":[{"taxonomy":"category","embeddable":true,"href":"https:\/\/247stiri.ro\/index.php\/wp-json\/wp\/v2\/categories?post=41133"},{"taxonomy":"post_tag","embeddable":true,"href":"https:\/\/247stiri.ro\/index.php\/wp-json\/wp\/v2\/tags?post=41133"}],"curies":[{"name":"wp","href":"https:\/\/api.w.org\/{rel}","templated":true}]}}