{"id":41137,"date":"2025-03-20T20:44:48","date_gmt":"2025-03-20T20:44:48","guid":{"rendered":"https:\/\/247stiri.ro\/index.php\/2025\/03\/20\/accident-grav-in-buzau-doua-femei-au-fost-ranite-dupa-ce-au-fost-lovite-de-o-masina-pe-o-trecere-de-pietoni\/"},"modified":"2025-03-20T20:44:48","modified_gmt":"2025-03-20T20:44:48","slug":"accident-grav-in-buzau-doua-femei-au-fost-ranite-dupa-ce-au-fost-lovite-de-o-masina-pe-o-trecere-de-pietoni","status":"publish","type":"post","link":"https:\/\/247stiri.ro\/index.php\/2025\/03\/20\/accident-grav-in-buzau-doua-femei-au-fost-ranite-dupa-ce-au-fost-lovite-de-o-masina-pe-o-trecere-de-pietoni\/","title":{"rendered":"Accident grav \u00een Buz\u0103u. Dou\u0103 femei au fost r\u0103nite, dup\u0103 ce au fost lovite de o ma\u0219in\u0103 pe o trecere de pietoni"},"content":{"rendered":"<p>Din primele informa\u021bii, cele dou\u0103 femei de 54 \u0219i repectiv 66 de ani, ambele din municipiul Buz\u0103u, s-au angajat \u00een traversarea unei str\u0103zi \u00een zona marcajului pietonal, c\u00e2nd la un moment dat au fost lovite \u00een plin de o <a href=\"https:\/\/www.realitatea.net\/stiri\/actual\/trafic-ingreunat-pe-dn1-patru-masini-sau-ciocnit-la-intrarea-in-localitatea-tileagd-din-bihor_67dc31a954661b0b0e6a056d\" target=\"_blank\">ma\u0219in\u0103<\/a>.\u00a0<\/p>\n<p>Potrivit reprezentan\u021bilor IPJ Buz\u0103u, la volanul autoturismului se afla un b\u0103rbat \u00een v\u00e2rst\u0103 de 51 de ani.\u00a0<\/p>\n<p>La scurt timp, la fa\u021ba locului a intervenit un echipaj medical care a preluat victimele \u0219i le-a transportat de urgen\u021b\u0103 la Unitatea de Primire Urgen\u0163e a Spitalului Jude\u0163ean de Urgen\u0163\u0103 Buz\u0103u.<\/p>\n<p>\u00cen acest caz, a fost \u00eentocmit un dosar penal, iar poli\u0163i\u015ftii continu\u0103 cercet\u0103rile pentru stabilirea tuturor \u00eemprejur\u0103rilor \u00een care s-a produs accidentul.<\/p>","protected":false},"excerpt":{"rendered":"<p>Din primele informa\u021bii, cele dou\u0103 femei de 54 \u0219i repectiv 66 de ani, ambele din&hellip;<\/p>\n","protected":false},"author":0,"featured_media":41138,"comment_status":"open","ping_status":"open","sticky":false,"template":"","format":"standard","meta":{"footnotes":""},"categories":[2],"tags":[],"class_list":["post-41137","post","type-post","status-publish","format-standard","has-post-thumbnail","hentry","category-actual"],"_links":{"self":[{"href":"https:\/\/247stiri.ro\/index.php\/wp-json\/wp\/v2\/posts\/41137","targetHints":{"allow":["GET"]}}],"collection":[{"href":"https:\/\/247stiri.ro\/index.php\/wp-json\/wp\/v2\/posts"}],"about":[{"href":"https:\/\/247stiri.ro\/index.php\/wp-json\/wp\/v2\/types\/post"}],"replies":[{"embeddable":true,"href":"https:\/\/247stiri.ro\/index.php\/wp-json\/wp\/v2\/comments?post=41137"}],"version-history":[{"count":0,"href":"https:\/\/247stiri.ro\/index.php\/wp-json\/wp\/v2\/posts\/41137\/revisions"}],"wp:featuredmedia":[{"embeddable":true,"href":"https:\/\/247stiri.ro\/index.php\/wp-json\/wp\/v2\/media\/41138"}],"wp:attachment":[{"href":"https:\/\/247stiri.ro\/index.php\/wp-json\/wp\/v2\/media?parent=41137"}],"wp:term":[{"taxonomy":"category","embeddable":true,"href":"https:\/\/247stiri.ro\/index.php\/wp-json\/wp\/v2\/categories?post=41137"},{"taxonomy":"post_tag","embeddable":true,"href":"https:\/\/247stiri.ro\/index.php\/wp-json\/wp\/v2\/tags?post=41137"}],"curies":[{"name":"wp","href":"https:\/\/api.w.org\/{rel}","templated":true}]}}