{"id":41139,"date":"2025-03-20T20:44:49","date_gmt":"2025-03-20T20:44:49","guid":{"rendered":"https:\/\/247stiri.ro\/index.php\/2025\/03\/20\/bogdan-peschir-bogpr-a-fost-retinut-pentru-o-perioada-de-24-de-ore\/"},"modified":"2025-03-20T20:44:49","modified_gmt":"2025-03-20T20:44:49","slug":"bogdan-peschir-bogpr-a-fost-retinut-pentru-o-perioada-de-24-de-ore","status":"publish","type":"post","link":"https:\/\/247stiri.ro\/index.php\/2025\/03\/20\/bogdan-peschir-bogpr-a-fost-retinut-pentru-o-perioada-de-24-de-ore\/","title":{"rendered":"Bogdan Pe\u0219chir, \u201ebogpr\u201d, a fost re\u021binut pentru o perioad\u0103 de 24 de ore"},"content":{"rendered":"<p>Dup\u0103 ce influencerul Bogdan Pe\u0219chir\u00a0a fost adus de la Bra\u0219ov la audieri \u00een Capital\u0103, privind coruperea aleg\u0103torilor, acesta a fost re\u021binut.<\/p>\n<p>Ce spune poli\u021bia despre legitimarea de pe trotuar a lui Pe\u0219chir<\/p>\n<p>\u201eToate drepturile din codul de procedura penal\u0103 sunt respectate. \u00cen acest caz, \u00een urma efectu\u0103rii perchezi\u021biilor din Bra\u0219ov a fost adus de trupele speciale SAS iar la sediu IGPR din \u0218tefan cel mare, conform procedurilor, trebuie s\u0103 fie legitima\u021bi oamenii pentru a fi trecu\u021bi \u00een registre. Legitimarea se face \u00een zona de acces, la intrarea \u00een institu\u021bia public\u0103. Persoana era \u00een fa\u021ba intr\u0103rii \u00een sediul poli\u021biei. Intrarea \u00een sediile de poli\u021bie este reglementat\u0103, a\u0219a c\u0103 orice persoan\u0103 este legitimat\u0103. Vorbim de dou\u0103 proceduri diferite. La perchezi\u021bia domiciliar\u0103 \u0219i cea la intrarea sediilor de poli\u021bie. Cel care face accesul \u00een institu\u021bie trebuie s\u0103 vad\u0103 \u0219i fa\u021ba persoanei. Nu aveam cum s\u0103 \u00eendep\u0103rt\u0103m presa din jurul persoanei. O s\u0103 verific dac\u0103 exist\u0103 \u0219i un proces verbal. Nu este nicio deficien\u021b\u0103 la cel c\u0103ruia i s-au cerut actele. Nu am f\u0103cut legitimarea la cererea presei. PResa poate s\u0103 spun\u0103 ce vrea. Fiecare jurnalist are dreptul s\u0103 \u00eentrebe orice. La toate protestele atunci c\u00e2nd sunt persoane cu cagul\u0103 sau \u0219epci, li se cere s\u0103 \u00ee\u0219i arate fa\u021ba, \u00een timpul legitim\u0103rii\u201d, a declarat Bogdan Dr\u0103gan, Poli\u021bia Rom\u00e2n\u0103.<\/p>\n<p><a href=\"https:\/\/www.realitatea.net\/stiri\/actual\/avocatul-lui-bogdan-peschir-bogpr-au-facut-perchezitii-degeaba-bogdan-nici-nu-mai-sta-acolo_67dc24487137671b8228c8a2\" target=\"_blank\">Avocatul lui Bogdan Pe\u0219chir &#8222;bogpr&#8221;: Au f\u0103cut perchezi\u021bii degeaba, Bogdan nici nu mai st\u0103 acolo<\/a><\/p>\n<p>Avocatul omului de afaceri Bogdan Pe\u0219chir a f\u0103cut declara\u021bii \u00een exclusivitate la Realitatea PLUS unde a vorbit despre modul \u00een care apropia\u021bii lui C\u0103lin Georgescu sunt \u0219i acum pu\u0219i la zid chiar \u0219i dup\u0103 ce acestuia i-a fost refuzat\u0103 candidatura.\u00a0<\/p>\n<p>Potrivit avocatului, toate probele au fost deja ridicate iar omul de afaceri nici nu mai locuie\u0219te \u00een prezent la acea adres\u0103.<\/p>\n<p>&#8222;Suntem surprin\u0219i c\u0103 ast\u0103zi nu mai po\u021bi s\u0103 te duci s\u0103 faci o perchezi\u021bie sa cau\u021bi \u00eentr-un loc nou pentru o acuza\u021bie de corupere a aleg\u0103torilor. Ce sa mai cau\u021bi ast\u0103zi c\u00e2nd Bogdan s-a mutat \u00eentr-o locuin\u021b\u0103 nou\u0103, c\u00e2nd toate dispozitivele sunt la organele de cercetare penala, vorbim de stickuri, laptopuri, hard disk-uri, absolut toate inclusiv telefonul s- a copiat integral.<\/p>\n<p>Toate aceste dispozitive sunt la organele de cercetare penal\u0103.<\/p>\n<p>Efectiv nu mai au ce s\u0103 g\u0103seasc\u0103 \u0219i nu se mai pune problema au f\u0103cut perchezi\u021biile le am stat la dispozi\u021bie a venit Bogdan de 2 luni de zile in fiecare zi la Bucure\u0219ti ca s\u0103 nu i se g\u0103seasc\u0103 nimic.<\/p>","protected":false},"excerpt":{"rendered":"<p>Dup\u0103 ce influencerul Bogdan Pe\u0219chir\u00a0a fost adus de la Bra\u0219ov la audieri \u00een Capital\u0103, privind&hellip;<\/p>\n","protected":false},"author":0,"featured_media":41140,"comment_status":"open","ping_status":"open","sticky":false,"template":"","format":"standard","meta":{"footnotes":""},"categories":[2],"tags":[],"class_list":["post-41139","post","type-post","status-publish","format-standard","has-post-thumbnail","hentry","category-actual"],"_links":{"self":[{"href":"https:\/\/247stiri.ro\/index.php\/wp-json\/wp\/v2\/posts\/41139","targetHints":{"allow":["GET"]}}],"collection":[{"href":"https:\/\/247stiri.ro\/index.php\/wp-json\/wp\/v2\/posts"}],"about":[{"href":"https:\/\/247stiri.ro\/index.php\/wp-json\/wp\/v2\/types\/post"}],"replies":[{"embeddable":true,"href":"https:\/\/247stiri.ro\/index.php\/wp-json\/wp\/v2\/comments?post=41139"}],"version-history":[{"count":0,"href":"https:\/\/247stiri.ro\/index.php\/wp-json\/wp\/v2\/posts\/41139\/revisions"}],"wp:featuredmedia":[{"embeddable":true,"href":"https:\/\/247stiri.ro\/index.php\/wp-json\/wp\/v2\/media\/41140"}],"wp:attachment":[{"href":"https:\/\/247stiri.ro\/index.php\/wp-json\/wp\/v2\/media?parent=41139"}],"wp:term":[{"taxonomy":"category","embeddable":true,"href":"https:\/\/247stiri.ro\/index.php\/wp-json\/wp\/v2\/categories?post=41139"},{"taxonomy":"post_tag","embeddable":true,"href":"https:\/\/247stiri.ro\/index.php\/wp-json\/wp\/v2\/tags?post=41139"}],"curies":[{"name":"wp","href":"https:\/\/api.w.org\/{rel}","templated":true}]}}