{"id":41141,"date":"2025-03-20T20:44:50","date_gmt":"2025-03-20T20:44:50","guid":{"rendered":"https:\/\/247stiri.ro\/index.php\/2025\/03\/20\/avocata-lui-calin-georgescu-despre-legitimarea-lui-bogdan-peschir-bogpr-in-fata-presei-abuz-in-serviciu-nu-bagi-un-om-in-duba-si-nu-cunosti-cine-e-este-inadmisibil-si-in\/"},"modified":"2025-03-20T20:44:50","modified_gmt":"2025-03-20T20:44:50","slug":"avocata-lui-calin-georgescu-despre-legitimarea-lui-bogdan-peschir-bogpr-in-fata-presei-abuz-in-serviciu-nu-bagi-un-om-in-duba-si-nu-cunosti-cine-e-este-inadmisibil-si-in","status":"publish","type":"post","link":"https:\/\/247stiri.ro\/index.php\/2025\/03\/20\/avocata-lui-calin-georgescu-despre-legitimarea-lui-bogdan-peschir-bogpr-in-fata-presei-abuz-in-serviciu-nu-bagi-un-om-in-duba-si-nu-cunosti-cine-e-este-inadmisibil-si-in\/","title":{"rendered":"Avocata lui C\u0103lin Georgescu, despre legitimarea lui Bogdan Pe\u0219chir \u201dBogPR\u201d \u00een fa\u021ba presei: \u201dAbuz \u00een serviciu. Nu bagi un om \u00een dub\u0103 \u0219i nu cuno\u0219ti cine e. Este inadmisibil \u0219i inuman\u201d"},"content":{"rendered":"<p>\u201d\u00cen acest moment, este cel pu\u021bin, m\u0103 rog, a\u0219a cum pare, o infrac\u021biune de purtare abuziv\u0103, poate chiar mai mult, pentru c\u0103 este absolut inadmisibil ce s-a \u00eent\u00e2mplat acolo. Cum adic\u0103? Au luat un om, l-au b\u0103gat \u00eentr-o dub\u0103, l-au cobor\u00e2t \u00een fa\u021ba presei \u0219i nu i-au verificat identitatea? Adic\u0103, dup\u0103 ce l-au luat \u0219i l-au adus undeva, acum ca s\u0103 \u00eel expun\u0103 \u00een fa\u021ba presei, acolo \u00eel identific\u0103?\u00a0<\/p>\n<p>\u0218i care era interesul acestei expuneri? Pentru c\u0103 el nu are nicio calitate din moment ce el era martor. Cel pu\u021bin p\u00e2n\u0103 la momentul \u00een care intr\u0103 \u00een sediul unui Parchet \u0219i i se prezint\u0103 o ordonan\u021b\u0103, el este martor, av\u00e2nd un mandat de aducere. Nu este suspect, nu este inculpat, nu s-a sustras de la niciun fel de vinov\u0103\u021bie la acel moment.\u00a0<\/p>\n<p>Ceea ce s-a \u00eent\u00e2mplat acolo cu aceast\u0103 expunere public\u0103, trebuie s\u0103 \u00eel vad\u0103 presa, hai s\u0103-l ar\u0103t\u0103m, s\u0103-l vad\u0103 lumea, s\u0103 \u00eel vad\u0103 cum arat\u0103, s\u0103 \u00eel speriem, s\u0103 speriem, nu pe el, el oricum probabil era prelucrat, s\u0103 \u00eei speriem pe ceilal\u021bi\u201d, a declarat Ingrid Mocanu, la Realitatea PLUS.\u00a0<\/p>\n<p>\u00centrebat\u0103 dac\u0103 a avut vreodat\u0103 un caz de indentificare \u00een fa\u021ba presei, avocata a r\u0103spuns: \u201dNiciodat\u0103! Nu exist\u0103 a\u0219a ceva. Deci, nu exist\u0103 \u00een nicio procedur\u0103 a\u0219a ceva\u201d.\u00a0<\/p>\n<p>Mai mult, Ingrid Mocanu a subliniat c\u0103 poli\u021bistul care a f\u0103cut legitimarea abuziv\u0103 a omului de afaceri ar trebui demis de \u0219eful s\u0103u, \u00een caz contrar, superiorul acestuia trebuie concediat de ministrul de Interne.<\/p>\n<p>\u201dDac\u0103 \u0219eful lui nu \u00eel demite m\u00e2ine sau nu \u00eel pune dispozi\u021bie \u0219i s\u0103 porneasc\u0103 o anchet\u0103 disciplinar\u0103, atunci trebuie s\u0103 \u00eel demit\u0103 pe \u0219eful lui ministrul de Interne. Eu sunt convins\u0103 c\u0103 era de la poli\u021bie, nu era procuror \u0219i c\u0103 nu aveau procuror cu ei. Eu nu cred, c\u0103 un procuror, c\u00e2t ar fi ei de cr\u00e2nceni, ar fi permis a\u0219a ceva.\u00a0<\/p>\n<p>\u00cen str\u0103in\u0103tate, asigur\u0103 ei structurile de ordine, asigur\u0103 ei un fel de intimitate \u0219i pun la un moment dat, c\u00e2nd \u00eei ridic\u0103 din cas\u0103, tocmai c\u00e2nd interesul este foarte mare al presei, baricadeaz\u0103 zona respectiv\u0103 \u0219i \u00eei duc \u00een dub\u0103 f\u0103r\u0103 s\u0103 fie v\u0103zu\u021bi. Este inadmisibil \u0219i inuman\u201d.\u00a0<\/p>","protected":false},"excerpt":{"rendered":"<p>\u201d\u00cen acest moment, este cel pu\u021bin, m\u0103 rog, a\u0219a cum pare, o infrac\u021biune de purtare&hellip;<\/p>\n","protected":false},"author":0,"featured_media":41142,"comment_status":"open","ping_status":"open","sticky":false,"template":"","format":"standard","meta":{"footnotes":""},"categories":[2],"tags":[],"class_list":["post-41141","post","type-post","status-publish","format-standard","has-post-thumbnail","hentry","category-actual"],"_links":{"self":[{"href":"https:\/\/247stiri.ro\/index.php\/wp-json\/wp\/v2\/posts\/41141","targetHints":{"allow":["GET"]}}],"collection":[{"href":"https:\/\/247stiri.ro\/index.php\/wp-json\/wp\/v2\/posts"}],"about":[{"href":"https:\/\/247stiri.ro\/index.php\/wp-json\/wp\/v2\/types\/post"}],"replies":[{"embeddable":true,"href":"https:\/\/247stiri.ro\/index.php\/wp-json\/wp\/v2\/comments?post=41141"}],"version-history":[{"count":0,"href":"https:\/\/247stiri.ro\/index.php\/wp-json\/wp\/v2\/posts\/41141\/revisions"}],"wp:featuredmedia":[{"embeddable":true,"href":"https:\/\/247stiri.ro\/index.php\/wp-json\/wp\/v2\/media\/41142"}],"wp:attachment":[{"href":"https:\/\/247stiri.ro\/index.php\/wp-json\/wp\/v2\/media?parent=41141"}],"wp:term":[{"taxonomy":"category","embeddable":true,"href":"https:\/\/247stiri.ro\/index.php\/wp-json\/wp\/v2\/categories?post=41141"},{"taxonomy":"post_tag","embeddable":true,"href":"https:\/\/247stiri.ro\/index.php\/wp-json\/wp\/v2\/tags?post=41141"}],"curies":[{"name":"wp","href":"https:\/\/api.w.org\/{rel}","templated":true}]}}