{"id":41187,"date":"2025-03-21T05:44:55","date_gmt":"2025-03-21T05:44:55","guid":{"rendered":"https:\/\/247stiri.ro\/index.php\/2025\/03\/21\/sarbatoarea-zilei-21-martie-2025-zi-insemnata-pentru-crestinatate\/"},"modified":"2025-03-21T05:44:55","modified_gmt":"2025-03-21T05:44:55","slug":"sarbatoarea-zilei-21-martie-2025-zi-insemnata-pentru-crestinatate","status":"publish","type":"post","link":"https:\/\/247stiri.ro\/index.php\/2025\/03\/21\/sarbatoarea-zilei-21-martie-2025-zi-insemnata-pentru-crestinatate\/","title":{"rendered":"S\u0103rb\u0103toarea zilei: 21 martie 2025, Zi \u00eensemnat\u0103 pentru cre\u0219tin\u0103tate"},"content":{"rendered":"<p>OrtodoxeSf. Ier. Iacob M\u0103rturisitorul; Sf. Cuv. Serapion (Pomenirea mor\u0163ilor)<\/p>\n<p>Greco-catoliceSf. cuv. ep. Iacob M\u0103rturisitorul<\/p>\n<p>Romano-catoliceSf. Nicolae de Fl\u00fce, pustnic<\/p>\n<p>Sf\u00e2ntul Ierarh Iacob M\u0103rturisitorul este pomenit \u00een calendarul cre\u015ftin ortodox la 21 martie.<\/p>\n<p>Sf\u00e2ntul Iacob a tr\u0103it \u00een vremea \u00eemp\u0103ratului Constantin Copronim (741-775).<\/p>\n<p>S-a f\u0103cut monah de foarte t\u00e2n\u0103r, a fost hirotonit episcop, iar \u00een timpul iconoclasmului a fost obligat s\u0103 se retrag\u0103 din scaunul episcopal.<\/p>\n<p>\u00cen acea perioad\u0103 Biserica era tulburat\u0103 de mi\u015fcarea iconoclast\u0103, care impunea distrugerea icoanelor, declan\u015fat\u0103 de Leon al III-lea Isaurul (714-741), tat\u0103l lui Copronim. Sus\u0163inerea de c\u0103tre \u00eemp\u0103rat a acestei erezii a determinat prigonirea acelora care se \u00eempotriveau, iconodulii, p\u0103str\u0103tori ai dreptei credin\u0163e.<\/p>\n<p>Printre ace\u015ftia s-a aflat \u015fi Cuviosul Iacob, care ajuns episcop a fost arestat \u015fi supus la multe chinuri, \u00een care a \u015fi murit.\u00a0<\/p>\n<p><a href=\"https:\/\/www.realitatea.net\/stiri\/actual\/sarbatoarea-zilei-20-martie-2025-mari-sfinti-ai-ortodoxiei-pomeniti-astazi-in-calendarele-crestine_67dba551b18afc0a572f1217\" target=\"_blank\">S\u0103rb\u0103toarea zilei: 20 martie 2025. Mari sfin\u021bi ai ortodoxiei, pomeni\u021bi, ast\u0103zi, \u00een calendarele cre\u0219tine<\/a><\/p>","protected":false},"excerpt":{"rendered":"<p>OrtodoxeSf. Ier. Iacob M\u0103rturisitorul; Sf. Cuv. Serapion (Pomenirea mor\u0163ilor) Greco-catoliceSf. cuv. ep. Iacob M\u0103rturisitorul Romano-catoliceSf.&hellip;<\/p>\n","protected":false},"author":0,"featured_media":41175,"comment_status":"open","ping_status":"open","sticky":false,"template":"","format":"standard","meta":{"footnotes":""},"categories":[2],"tags":[],"class_list":["post-41187","post","type-post","status-publish","format-standard","has-post-thumbnail","hentry","category-actual"],"_links":{"self":[{"href":"https:\/\/247stiri.ro\/index.php\/wp-json\/wp\/v2\/posts\/41187","targetHints":{"allow":["GET"]}}],"collection":[{"href":"https:\/\/247stiri.ro\/index.php\/wp-json\/wp\/v2\/posts"}],"about":[{"href":"https:\/\/247stiri.ro\/index.php\/wp-json\/wp\/v2\/types\/post"}],"replies":[{"embeddable":true,"href":"https:\/\/247stiri.ro\/index.php\/wp-json\/wp\/v2\/comments?post=41187"}],"version-history":[{"count":0,"href":"https:\/\/247stiri.ro\/index.php\/wp-json\/wp\/v2\/posts\/41187\/revisions"}],"wp:featuredmedia":[{"embeddable":true,"href":"https:\/\/247stiri.ro\/index.php\/wp-json\/wp\/v2\/media\/41175"}],"wp:attachment":[{"href":"https:\/\/247stiri.ro\/index.php\/wp-json\/wp\/v2\/media?parent=41187"}],"wp:term":[{"taxonomy":"category","embeddable":true,"href":"https:\/\/247stiri.ro\/index.php\/wp-json\/wp\/v2\/categories?post=41187"},{"taxonomy":"post_tag","embeddable":true,"href":"https:\/\/247stiri.ro\/index.php\/wp-json\/wp\/v2\/tags?post=41187"}],"curies":[{"name":"wp","href":"https:\/\/api.w.org\/{rel}","templated":true}]}}