{"id":41196,"date":"2025-03-21T06:45:50","date_gmt":"2025-03-21T06:45:50","guid":{"rendered":"https:\/\/247stiri.ro\/index.php\/2025\/03\/21\/cum-vrea-nicusor-dan-sa-ajunga-la-cotroceni-pe-banii-romanilor-dupa-teapa-de-la-capitala\/"},"modified":"2025-03-21T06:45:50","modified_gmt":"2025-03-21T06:45:50","slug":"cum-vrea-nicusor-dan-sa-ajunga-la-cotroceni-pe-banii-romanilor-dupa-teapa-de-la-capitala","status":"publish","type":"post","link":"https:\/\/247stiri.ro\/index.php\/2025\/03\/21\/cum-vrea-nicusor-dan-sa-ajunga-la-cotroceni-pe-banii-romanilor-dupa-teapa-de-la-capitala\/","title":{"rendered":"Cum vrea Nicu\u0219or Dan s\u0103 ajung\u0103 la Cotroceni pe BANII rom\u00e2nilor, dup\u0103 \u021beapa de la Capital\u0103"},"content":{"rendered":"<p>Este a doua oar\u0103 c\u00e2nd Nicu\u0219or Dan cere dona\u021bii din banii rom\u00e2nilor pentru o campanie electoral\u0103.\u00a0<\/p>\n<p>\u00cen 2024, acesta a str\u00e2ns peste un milion de lei din buzunarele oamenilor ca s\u0103-\u0219i fac\u0103 reclam\u0103 \u00een campania pentru alegerile locale, atunci c\u00e2nd, cu ajutorul acestor bani, a reu\u0219it s\u0103 ob\u021bin\u0103 pentru a doua oar\u0103 func\u021bia de primar general.\u00a0<\/p>\n<p>Acum a anun\u021bat &#8211; p\u00e2n\u0103 s\u0103 \u00ee\u0219i termine mandatul abia ob\u021binut &#8211; c\u0103 va candida \u0219i la alegerile preziden\u021biale.<\/p>\n<p>\u0218i de aceast\u0103 dat\u0103 se bazeaz\u0103 tot pe banii oamenilor ca s\u0103 \u00ee\u0219i fac\u0103 campanie, asta de\u0219i are un salariu nu modest la prim\u0103ria general\u0103. Vorbim de aproape 20.000 de lei, prim\u0103rie general\u0103 unde sunt mai multe acuza\u021bii c\u0103 ar fi generat datorii foarte amri,a r fi ratat absorb\u021bia de fonduri europene \u0219i chiar c\u0103 ar fi l\u0103sat institu\u021bia \u00een insolven\u021b\u0103.\u00a0<\/p>","protected":false},"excerpt":{"rendered":"<p>Este a doua oar\u0103 c\u00e2nd Nicu\u0219or Dan cere dona\u021bii din banii rom\u00e2nilor pentru o campanie&hellip;<\/p>\n","protected":false},"author":0,"featured_media":41197,"comment_status":"open","ping_status":"open","sticky":false,"template":"","format":"standard","meta":{"footnotes":""},"categories":[3],"tags":[],"class_list":["post-41196","post","type-post","status-publish","format-standard","has-post-thumbnail","hentry","category-politica"],"_links":{"self":[{"href":"https:\/\/247stiri.ro\/index.php\/wp-json\/wp\/v2\/posts\/41196","targetHints":{"allow":["GET"]}}],"collection":[{"href":"https:\/\/247stiri.ro\/index.php\/wp-json\/wp\/v2\/posts"}],"about":[{"href":"https:\/\/247stiri.ro\/index.php\/wp-json\/wp\/v2\/types\/post"}],"replies":[{"embeddable":true,"href":"https:\/\/247stiri.ro\/index.php\/wp-json\/wp\/v2\/comments?post=41196"}],"version-history":[{"count":0,"href":"https:\/\/247stiri.ro\/index.php\/wp-json\/wp\/v2\/posts\/41196\/revisions"}],"wp:featuredmedia":[{"embeddable":true,"href":"https:\/\/247stiri.ro\/index.php\/wp-json\/wp\/v2\/media\/41197"}],"wp:attachment":[{"href":"https:\/\/247stiri.ro\/index.php\/wp-json\/wp\/v2\/media?parent=41196"}],"wp:term":[{"taxonomy":"category","embeddable":true,"href":"https:\/\/247stiri.ro\/index.php\/wp-json\/wp\/v2\/categories?post=41196"},{"taxonomy":"post_tag","embeddable":true,"href":"https:\/\/247stiri.ro\/index.php\/wp-json\/wp\/v2\/tags?post=41196"}],"curies":[{"name":"wp","href":"https:\/\/api.w.org\/{rel}","templated":true}]}}